{"id":79644,"date":"2019-01-05T11:53:27","date_gmt":"2019-01-05T14:53:27","guid":{"rendered":"http:\/\/www.caririemacao.com\/1\/?p=79644"},"modified":"2019-01-05T11:53:27","modified_gmt":"2019-01-05T14:53:27","slug":"maia-antecipa-a-deputados-r-17-mi-de-auxilio-mudanca","status":"publish","type":"post","link":"https:\/\/www.caririemacao.com\/1\/2019\/01\/05\/maia-antecipa-a-deputados-r-17-mi-de-auxilio-mudanca\/","title":{"rendered":"Maia antecipa a deputados R$ 17 mi de aux\u00edlio-mudan\u00e7a"},"content":{"rendered":"<p>Em campanha pela reelei\u00e7\u00e3o, o presidente da\u00a0<strong>C\u00e2mara<\/strong>,\u00a0<strong>Rodrigo Maia<\/strong>\u00a0(DEM-RJ), antecipou o pagamento de aux\u00edlio-mudan\u00e7a aos deputados. O benef\u00edcio, equivalente a um sal\u00e1rio \u2013 R$ 33,7 mil \u2013, \u00e9 tradicionalmente pago ao fim do mandato, que acaba em 31 de janeiro, mas foi depositado no dia 28 de dezembro na conta dos parlamentares.<\/p>\n<p>Ao todo, 505 deputados receberam o benef\u00edcio, o que totalizou R$ 17 milh\u00f5es em despesa. Segundo a assessoria da C\u00e2mara, quatro\u00a0dos 513 parlamentares abriram m\u00e3o \u2013\u00a0<strong>Major Ol\u00edmpio<\/strong>\u00a0(PSL-SP),\u00a0<strong>Mara Gabrilli<\/strong>\u00a0(PSDB-SP),\u00a0<strong>Bohn Gass<\/strong>\u00a0(PT-RS) e\u00a0<strong>Heitor Schuch<\/strong>(PSB-RS). A assessoria, por\u00e9m, n\u00e3o soube informar o motivo de outros quatro tamb\u00e9m n\u00e3o terem recebido.<\/p>\n<p>Al\u00e9m do aux\u00edlio, deputados receberam em dezembro a segunda parcela do 13.\u00ba, o que, somado ao sal\u00e1rio, levou a remunera\u00e7\u00e3o do m\u00eas a R$ 84,2 mil.<\/p>\n<p>Presidente da Casa desde 2016, Maia tenta se manter no cargo. Ele vai disputar a reelei\u00e7\u00e3o em 1.\u00ba de fevereiro, quando a C\u00e2mara iniciar\u00e1 a nova legislatura. Nesta semana, conseguiu o apoio do PSL, ap\u00f3s prometer \u00e0 legenda o comando da Comiss\u00e3o de Constitui\u00e7\u00e3o e Justi\u00e7a (CCJ), a mais importante da Casa. Partido do presidente\u00a0<strong>Jair Bolsonaro<\/strong>, o PSL elegeu 52 deputados.<\/p>\n<p>O aux\u00edlio-mudan\u00e7a \u00e9 pago no in\u00edcio e no fim de cada legislatura como ajuda de custo. Os parlamentares do Distrito Federal e os reeleitos tamb\u00e9m recebem o benef\u00edcio.<\/p>\n<p>&nbsp;<\/p>\n<p><em><strong>Estad\u00e3o<\/strong><\/em><\/p>\n","protected":false},"excerpt":{"rendered":"<p>Em campanha pela reelei\u00e7\u00e3o, o presidente da\u00a0C\u00e2mara,\u00a0Rodrigo Maia\u00a0(DEM-RJ), antecipou o pagamento de aux\u00edlio-mudan\u00e7a aos deputados. O benef\u00edcio, equivalente a um sal\u00e1rio \u2013 R$ 33,7 mil&hellip; <\/p>\n","protected":false},"author":1,"featured_media":79646,"comment_status":"closed","ping_status":"closed","sticky":false,"template":"","format":"standard","meta":{"sfsi_plus_gutenberg_text_before_share":"","sfsi_plus_gutenberg_show_text_before_share":"","sfsi_plus_gutenberg_icon_type":"","sfsi_plus_gutenberg_icon_alignemt":"","sfsi_plus_gutenburg_max_per_row":"","footnotes":""},"categories":[11],"tags":[],"class_list":["post-79644","post","type-post","status-publish","format-standard","has-post-thumbnail","hentry","category-politica"],"_links":{"self":[{"href":"https:\/\/www.caririemacao.com\/1\/wp-json\/wp\/v2\/posts\/79644","targetHints":{"allow":["GET"]}}],"collection":[{"href":"https:\/\/www.caririemacao.com\/1\/wp-json\/wp\/v2\/posts"}],"about":[{"href":"https:\/\/www.caririemacao.com\/1\/wp-json\/wp\/v2\/types\/post"}],"author":[{"embeddable":true,"href":"https:\/\/www.caririemacao.com\/1\/wp-json\/wp\/v2\/users\/1"}],"replies":[{"embeddable":true,"href":"https:\/\/www.caririemacao.com\/1\/wp-json\/wp\/v2\/comments?post=79644"}],"version-history":[{"count":1,"href":"https:\/\/www.caririemacao.com\/1\/wp-json\/wp\/v2\/posts\/79644\/revisions"}],"predecessor-version":[{"id":79647,"href":"https:\/\/www.caririemacao.com\/1\/wp-json\/wp\/v2\/posts\/79644\/revisions\/79647"}],"wp:featuredmedia":[{"embeddable":true,"href":"https:\/\/www.caririemacao.com\/1\/wp-json\/wp\/v2\/media\/79646"}],"wp:attachment":[{"href":"https:\/\/www.caririemacao.com\/1\/wp-json\/wp\/v2\/media?parent=79644"}],"wp:term":[{"taxonomy":"category","embeddable":true,"href":"https:\/\/www.caririemacao.com\/1\/wp-json\/wp\/v2\/categories?post=79644"},{"taxonomy":"post_tag","embeddable":true,"href":"https:\/\/www.caririemacao.com\/1\/wp-json\/wp\/v2\/tags?post=79644"}],"curies":[{"name":"wp","href":"https:\/\/api.w.org\/{rel}","templated":true}]}}