{"id":79651,"date":"2019-01-05T12:20:11","date_gmt":"2019-01-05T15:20:11","guid":{"rendered":"http:\/\/www.caririemacao.com\/1\/?p=79651"},"modified":"2019-01-05T12:20:11","modified_gmt":"2019-01-05T15:20:11","slug":"governador-mantem-direcao-do-hospital-regional-de-monteiro-e-da-5a-gerencia-de-saude","status":"publish","type":"post","link":"https:\/\/www.caririemacao.com\/1\/2019\/01\/05\/governador-mantem-direcao-do-hospital-regional-de-monteiro-e-da-5a-gerencia-de-saude\/","title":{"rendered":"Governador mant\u00e9m dire\u00e7\u00e3o do Hospital Regional de Monteiro e da 5\u00aa Ger\u00eancia de Sa\u00fade"},"content":{"rendered":"<p>O governador Jo\u00e3o Azev\u00eado manteve a frente da dire\u00e7\u00e3o geral do Hospital Regional e Maternidade Santa Filomena, em Monteiro, o Dr. C\u00e9lio de Carli. A esposa do ex-vereador Juraci Conrado, Samira Gomes, tamb\u00e9m foi mantida no cargo de chefe do N\u00facleo de Recursos Humanos do hospital.<span class=\"Apple-converted-space\">\u00a0<\/span><\/p>\n<p>O m\u00e9dico Dr. Roberto Luiz de Carli tamb\u00e9m foi mantido no cargo de chefe m\u00e9dico do Hospital Regional de Monteiro.<span class=\"Apple-converted-space\">\u00a0<\/span><\/p>\n<p>No 5\u00ba N\u00facleo Regional de Sa\u00fade, o governador manteve Ravena Farias como gerente regional, e Idelbrando Batista como chefe do N\u00facleo de Finan\u00e7as.<span class=\"Apple-converted-space\">\u00a0<\/span><\/p>\n<p>O ato de nomea\u00e7\u00e3o foi publicado nesta sexta-feira, 4, na edi\u00e7\u00e3o do Di\u00e1rio Oficial do Estado.<span class=\"Apple-converted-space\">\u00a0<\/span><\/p>\n","protected":false},"excerpt":{"rendered":"<p>O governador Jo\u00e3o Azev\u00eado manteve a frente da dire\u00e7\u00e3o geral do Hospital Regional e Maternidade Santa Filomena, em Monteiro, o Dr. C\u00e9lio de Carli. A&hellip; <\/p>\n","protected":false},"author":1,"featured_media":65166,"comment_status":"closed","ping_status":"closed","sticky":false,"template":"","format":"standard","meta":{"sfsi_plus_gutenberg_text_before_share":"","sfsi_plus_gutenberg_show_text_before_share":"","sfsi_plus_gutenberg_icon_type":"","sfsi_plus_gutenberg_icon_alignemt":"","sfsi_plus_gutenburg_max_per_row":"","footnotes":""},"categories":[6],"tags":[],"class_list":["post-79651","post","type-post","status-publish","format-standard","has-post-thumbnail","hentry","category-cidades"],"_links":{"self":[{"href":"https:\/\/www.caririemacao.com\/1\/wp-json\/wp\/v2\/posts\/79651","targetHints":{"allow":["GET"]}}],"collection":[{"href":"https:\/\/www.caririemacao.com\/1\/wp-json\/wp\/v2\/posts"}],"about":[{"href":"https:\/\/www.caririemacao.com\/1\/wp-json\/wp\/v2\/types\/post"}],"author":[{"embeddable":true,"href":"https:\/\/www.caririemacao.com\/1\/wp-json\/wp\/v2\/users\/1"}],"replies":[{"embeddable":true,"href":"https:\/\/www.caririemacao.com\/1\/wp-json\/wp\/v2\/comments?post=79651"}],"version-history":[{"count":1,"href":"https:\/\/www.caririemacao.com\/1\/wp-json\/wp\/v2\/posts\/79651\/revisions"}],"predecessor-version":[{"id":79652,"href":"https:\/\/www.caririemacao.com\/1\/wp-json\/wp\/v2\/posts\/79651\/revisions\/79652"}],"wp:featuredmedia":[{"embeddable":true,"href":"https:\/\/www.caririemacao.com\/1\/wp-json\/wp\/v2\/media\/65166"}],"wp:attachment":[{"href":"https:\/\/www.caririemacao.com\/1\/wp-json\/wp\/v2\/media?parent=79651"}],"wp:term":[{"taxonomy":"category","embeddable":true,"href":"https:\/\/www.caririemacao.com\/1\/wp-json\/wp\/v2\/categories?post=79651"},{"taxonomy":"post_tag","embeddable":true,"href":"https:\/\/www.caririemacao.com\/1\/wp-json\/wp\/v2\/tags?post=79651"}],"curies":[{"name":"wp","href":"https:\/\/api.w.org\/{rel}","templated":true}]}}