{"id":79660,"date":"2019-01-05T14:15:49","date_gmt":"2019-01-05T17:15:49","guid":{"rendered":"http:\/\/www.caririemacao.com\/1\/?p=79660"},"modified":"2019-01-05T14:15:49","modified_gmt":"2019-01-05T17:15:49","slug":"bolsonaro-rebate-criticas-de-haddad-e-retoma-ataques-da-campanha-eleitoral","status":"publish","type":"post","link":"https:\/\/www.caririemacao.com\/1\/2019\/01\/05\/bolsonaro-rebate-criticas-de-haddad-e-retoma-ataques-da-campanha-eleitoral\/","title":{"rendered":"Bolsonaro rebate cr\u00edticas de Haddad e retoma ataques da campanha eleitoral"},"content":{"rendered":"<p>Quatro dias ap\u00f3s assumir a\u00a0Presid\u00eancia da Rep\u00fablica, Jair Bolsonaro (PSL) voltou a bater boca em redes sociais neste s\u00e1bado (5) com o seu principal advers\u00e1rio da campanha eleitoral, Fernando Haddad (PT).<\/p>\n<p>Bolsonaro respondeu a cr\u00edticas do petista feitas na internet e o chamou de \u201cmarmita\u201d e de \u201cfantoche de presidi\u00e1rio\u201d, em refer\u00eancia ao ex-presidente Lula.<\/p>\n<p>\u201cHaddad, o fantoche do presidi\u00e1rio corrupto, escreve que est\u00e1 na moda um anti-intelectualismo no Brasil. A verdade \u00e9 que o marmita, como todo petista, fica inventando motivos para a derrota vergonhosa que sofreram nas elei\u00e7\u00f5es, mesmo com campanha mais de 30 milh\u00f5es mais cara\u201d, publicou Bolsonaro.<\/p>\n<p>Na noite de sexta-feira (5), o candidato derrotado do PT \u00e0 Presid\u00eancia havia postado em seu perfil um artigo de um jornalista alem\u00e3o que vive no Brasil tratando de anti-intelectualismo. Nos \u00faltimos dias, o petista tamb\u00e9m havia criticado o reajuste abaixo do previsto do sal\u00e1rio m\u00ednimo pelo novo governo, as mudan\u00e7as na Funai e insinuou que o imbr\u00f3glio envolvendo o aumento do IOF mostrou o motivo pelo qual Bolsonaro n\u00e3o participou de debates no segundo turno.<\/p>\n<div id=\"attachment_515806\" class=\"wp-caption aligncenter\"><img decoding=\"async\" class=\"wp-image-515806 size-medium lazyload\" data-src=\"https:\/\/paraibaonline.com.br\/wp-content\/uploads\/2018\/10\/bolsonaro-haddad1910-556x417.jpg\" data-srcset=\"https:\/\/paraibaonline.com.br\/wp-content\/uploads\/2018\/10\/bolsonaro-haddad1910-556x417.jpg 556w, https:\/\/paraibaonline.com.br\/wp-content\/uploads\/2018\/10\/bolsonaro-haddad1910.jpg 800w\" alt=\"Foto: Montagem\/Reprodu\u00e7\u00e3o\" src=\"data:image\/svg+xml;base64,PHN2ZyB3aWR0aD0iMSIgaGVpZ2h0PSIxIiB4bWxucz0iaHR0cDovL3d3dy53My5vcmcvMjAwMC9zdmciPjwvc3ZnPg==\" style=\"--smush-placeholder-width: 556px; --smush-placeholder-aspect-ratio: 556\/417;\" \/><\/p>\n<p class=\"wp-caption-text\">Foto: Montagem\/Reprodu\u00e7\u00e3o<\/p>\n<\/div>\n<p>Em outra postagem, Bolsonaro publicou: \u201cEles [advers\u00e1rios] procuram e criam todos os motivos poss\u00edveis para estarem sendo rejeitados pela maioria da popula\u00e7\u00e3o, s\u00f3 n\u00e3o citam o verdadeiro: o PT quebrou o Brasil de tanto roubar, deixou a viol\u00eancia tomar.\u201d<\/p>\n<p>No segundo turno da elei\u00e7\u00e3o, Bolsonaro e Haddad trocaram ataques em seus perfis no Twitter. O petista criticou a aus\u00eancia do rival nos debates, enquanto o ent\u00e3o candidato do PSL respondia o chamando de \u201cposte\u201d.<\/p>\n","protected":false},"excerpt":{"rendered":"<p>Quatro dias ap\u00f3s assumir a\u00a0Presid\u00eancia da Rep\u00fablica, Jair Bolsonaro (PSL) voltou a bater boca em redes sociais neste s\u00e1bado (5) com o seu principal advers\u00e1rio&hellip; <\/p>\n","protected":false},"author":1,"featured_media":79662,"comment_status":"closed","ping_status":"closed","sticky":false,"template":"","format":"standard","meta":{"sfsi_plus_gutenberg_text_before_share":"","sfsi_plus_gutenberg_show_text_before_share":"","sfsi_plus_gutenberg_icon_type":"","sfsi_plus_gutenberg_icon_alignemt":"","sfsi_plus_gutenburg_max_per_row":"","footnotes":""},"categories":[11],"tags":[],"class_list":["post-79660","post","type-post","status-publish","format-standard","has-post-thumbnail","hentry","category-politica"],"_links":{"self":[{"href":"https:\/\/www.caririemacao.com\/1\/wp-json\/wp\/v2\/posts\/79660","targetHints":{"allow":["GET"]}}],"collection":[{"href":"https:\/\/www.caririemacao.com\/1\/wp-json\/wp\/v2\/posts"}],"about":[{"href":"https:\/\/www.caririemacao.com\/1\/wp-json\/wp\/v2\/types\/post"}],"author":[{"embeddable":true,"href":"https:\/\/www.caririemacao.com\/1\/wp-json\/wp\/v2\/users\/1"}],"replies":[{"embeddable":true,"href":"https:\/\/www.caririemacao.com\/1\/wp-json\/wp\/v2\/comments?post=79660"}],"version-history":[{"count":1,"href":"https:\/\/www.caririemacao.com\/1\/wp-json\/wp\/v2\/posts\/79660\/revisions"}],"predecessor-version":[{"id":79663,"href":"https:\/\/www.caririemacao.com\/1\/wp-json\/wp\/v2\/posts\/79660\/revisions\/79663"}],"wp:featuredmedia":[{"embeddable":true,"href":"https:\/\/www.caririemacao.com\/1\/wp-json\/wp\/v2\/media\/79662"}],"wp:attachment":[{"href":"https:\/\/www.caririemacao.com\/1\/wp-json\/wp\/v2\/media?parent=79660"}],"wp:term":[{"taxonomy":"category","embeddable":true,"href":"https:\/\/www.caririemacao.com\/1\/wp-json\/wp\/v2\/categories?post=79660"},{"taxonomy":"post_tag","embeddable":true,"href":"https:\/\/www.caririemacao.com\/1\/wp-json\/wp\/v2\/tags?post=79660"}],"curies":[{"name":"wp","href":"https:\/\/api.w.org\/{rel}","templated":true}]}}