{"id":79671,"date":"2019-01-05T14:25:08","date_gmt":"2019-01-05T17:25:08","guid":{"rendered":"http:\/\/www.caririemacao.com\/1\/?p=79671"},"modified":"2019-01-05T14:25:08","modified_gmt":"2019-01-05T17:25:08","slug":"embaixada-brasileira-e-pichada-em-berlim-lutaremos-contra-o-fascismo","status":"publish","type":"post","link":"https:\/\/www.caririemacao.com\/1\/2019\/01\/05\/embaixada-brasileira-e-pichada-em-berlim-lutaremos-contra-o-fascismo\/","title":{"rendered":"Embaixada brasileira \u00e9 pichada em Berlim: &#8216;Lutaremos contra o fascismo&#8217;"},"content":{"rendered":"<p>A embaixada do Brasil em Berlim amanheceu pichada neste s\u00e1bado (5) com a frase &#8220;Lutaremos contra o fascismo no Brasil&#8221;.<\/p>\n<p>A fachada da embaixada, em vidro, foi pichada em letras garrafais, em branco, e tamb\u00e9m com listras vermelhas. Fotos da embaixada pichada estavam circulando em grupos de WhatsApp.<\/p>\n<p>No telefone de plant\u00e3o da embaixada, o funcion\u00e1rio que atendeu n\u00e3o quis confirmar o ocorrido. Com informa\u00e7\u00f5es da Folhapress.<\/p>\n","protected":false},"excerpt":{"rendered":"<p>A embaixada do Brasil em Berlim amanheceu pichada neste s\u00e1bado (5) com a frase &#8220;Lutaremos contra o fascismo no Brasil&#8221;. A fachada da embaixada, em&hellip; <\/p>\n","protected":false},"author":1,"featured_media":79672,"comment_status":"closed","ping_status":"closed","sticky":false,"template":"","format":"standard","meta":{"sfsi_plus_gutenberg_text_before_share":"","sfsi_plus_gutenberg_show_text_before_share":"","sfsi_plus_gutenberg_icon_type":"","sfsi_plus_gutenberg_icon_alignemt":"","sfsi_plus_gutenburg_max_per_row":"","footnotes":""},"categories":[2],"tags":[],"class_list":["post-79671","post","type-post","status-publish","format-standard","has-post-thumbnail","hentry","category-geral"],"_links":{"self":[{"href":"https:\/\/www.caririemacao.com\/1\/wp-json\/wp\/v2\/posts\/79671","targetHints":{"allow":["GET"]}}],"collection":[{"href":"https:\/\/www.caririemacao.com\/1\/wp-json\/wp\/v2\/posts"}],"about":[{"href":"https:\/\/www.caririemacao.com\/1\/wp-json\/wp\/v2\/types\/post"}],"author":[{"embeddable":true,"href":"https:\/\/www.caririemacao.com\/1\/wp-json\/wp\/v2\/users\/1"}],"replies":[{"embeddable":true,"href":"https:\/\/www.caririemacao.com\/1\/wp-json\/wp\/v2\/comments?post=79671"}],"version-history":[{"count":1,"href":"https:\/\/www.caririemacao.com\/1\/wp-json\/wp\/v2\/posts\/79671\/revisions"}],"predecessor-version":[{"id":79673,"href":"https:\/\/www.caririemacao.com\/1\/wp-json\/wp\/v2\/posts\/79671\/revisions\/79673"}],"wp:featuredmedia":[{"embeddable":true,"href":"https:\/\/www.caririemacao.com\/1\/wp-json\/wp\/v2\/media\/79672"}],"wp:attachment":[{"href":"https:\/\/www.caririemacao.com\/1\/wp-json\/wp\/v2\/media?parent=79671"}],"wp:term":[{"taxonomy":"category","embeddable":true,"href":"https:\/\/www.caririemacao.com\/1\/wp-json\/wp\/v2\/categories?post=79671"},{"taxonomy":"post_tag","embeddable":true,"href":"https:\/\/www.caririemacao.com\/1\/wp-json\/wp\/v2\/tags?post=79671"}],"curies":[{"name":"wp","href":"https:\/\/api.w.org\/{rel}","templated":true}]}}