{"id":79677,"date":"2019-01-05T14:33:31","date_gmt":"2019-01-05T17:33:31","guid":{"rendered":"http:\/\/www.caririemacao.com\/1\/?p=79677"},"modified":"2019-01-05T14:33:31","modified_gmt":"2019-01-05T17:33:31","slug":"ministra-damares-alves-provoca-nova-polemica-ao-criticar-regra-do-sisu","status":"publish","type":"post","link":"https:\/\/www.caririemacao.com\/1\/2019\/01\/05\/ministra-damares-alves-provoca-nova-polemica-ao-criticar-regra-do-sisu\/","title":{"rendered":"Ministra Damares Alves provoca nova pol\u00eamica ao criticar regra do Sisu"},"content":{"rendered":"<p>A ministra da Mulher, Fam\u00edlia e Direitos Humanos se envolveu numa nova pol\u00eamica. Depois de dizer que menino veste azul e menina veste rosa, Damares Alves criticou a regra do Sisu que permite ao estudante se candidatar a vaga universit\u00e1ria longe de onde a fam\u00edlia mora.<\/p>\n<p>A ministra Damares Alves falou sobre o Enem e o Sisu durante uma entrevista na noite da \u00faltima quinta-feira (3) \u00e0 Globonews. N\u00e3o foi a primeira vez. Na ter\u00e7a-feira (1\u00ba), quando assumiu o cargo, Damares j\u00e1 tinha criticado a possiblidade de estudantes que fazem o Enem irem para universidades fora dos estados onde moram; porque ficam longe da fam\u00edlia, segundo ela.<\/p>\n<p>Na entrevista, Damares reafirmou seu entendimento: \u201cO menino l\u00e1 do Rio Grande do Sul faz o Enem, ele passa no vestibular para medicina l\u00e1 no Amap\u00e1, que \u00e9 o grande sonho dele e da fam\u00edlia. Esse menino \u00e9 tirado do contexto. \u00c0s vezes tem apenas 16 anos. Ser\u00e1 que n\u00f3s n\u00e3o poder\u00edamos estar come\u00e7ando a pensar em pol\u00edticas p\u00fablicas, que este menino ficasse um pouco mais pr\u00f3ximo da fam\u00edlia? \u2018Ah, mas em outros pa\u00edses acontece\u2019. Mas nos outros pa\u00edses o papai tem dinheiro para ir l\u00e1 na universidade visitar de vez em quando o filho\u201d.<\/p>\n<p>O Sistema de Sele\u00e7\u00e3o Unificada do Minist\u00e9rio da Educa\u00e7\u00e3o, o Sisu, permite que estudantes aproveitem a nota do Enem para estudar em universidades de todo o pa\u00eds e n\u00e3o somente onde eles fizeram a prova.<\/p>\n<p>Ainda na entrevista \u00e0 Globonews, Damares Alves foi questionada se \u00e9 papel do governo tratar de quest\u00f5es familiares, pessoais. Ela voltou a defender a atua\u00e7\u00e3o do Estado para fortalecer a uni\u00e3o familiar: \u201cO Estado n\u00e3o pode se omitir com rela\u00e7\u00e3o ao enfraquecimento dos v\u00ednculos familiares. N\u00f3s estamos vindo com essa proposta. Sem interfer\u00eancia do Estado, mas o Estado podendo proporcionar pol\u00edticas p\u00fablicas de fortalecimento dos v\u00ednculos. E se o governo Bolsonaro se prop\u00f5e a fazer isso, eu acredito que ele est\u00e1 no caminho certo, porque os modelos anteriores n\u00e3o estavam dando muito certo\u201d.<\/p>\n<p>Ao ser confrontada, na entrevista, sobre como seria poss\u00edvel fazer isso, a ministra n\u00e3o apontou nenhuma medida concreta. Disse que n\u00e3o era uma cr\u00edtica ao Enem, e sim, uma ideologia de prote\u00e7\u00e3o \u00e0 fam\u00edlia. O minist\u00e9rio de Damares n\u00e3o cuida do Enem. \u00c9 uma atribui\u00e7\u00e3o do Minist\u00e9rio da Educa\u00e7\u00e3o.<\/p>\n<p>A assessoria do ministro da Educa\u00e7\u00e3o, Ricardo Velez Rodrigues, informou que \u201cn\u00e3o cabe ao MEC comentar falas de ministros de outras pastas do governo\u201d.<\/p>\n<p>Em 2017, 10% do total de matriculados em institui\u00e7\u00f5es federais, mais de 31 mil alunos, estudavam fora dos seus estados de origem.<\/p>\n<p>Sair de casa atr\u00e1s do sonho da universidade \u00e9 uma realidade, n\u00e3o s\u00f3 no Brasil, mas em v\u00e1rios pa\u00edses. Nos Estados Unidos, \u00e9 comum e at\u00e9 estimulado que os adolescentes estudem em outros estados, mesmo que isso custe mais caro.<\/p>\n<p>A Doralice veio de S\u00e3o Paulo para estudar na Universidade de Bras\u00edlia. Est\u00e1 cursando ci\u00eancias sociais na UnB por meio do Sisu, usando a nota do Enem. \u00c9 a primeira da fam\u00edlia a entrar numa universidade.<\/p>\n<p>Doralice diz que, longe de casa, est\u00e1 amadurecendo: \u201cVoc\u00ea est\u00e1 longe da fam\u00edlia, voc\u00ea precisa\u2026 Voc\u00ea tem uma liberdade muito grande, mas que demanda muita responsabilidade tamb\u00e9m. Voc\u00ea \u00e9 respons\u00e1vel por si. Ent\u00e3o, isso \u00e9 um crescimento. Acho que \u00e9 uma experi\u00eancia \u00fanica na vida de um estudante\u201d.<\/p>\n<p>Cleyton Gontijo, professor da Universidade de Bras\u00edlia, criticou as declara\u00e7\u00f5es da ministra. Ele diz que Damares est\u00e1 questionando o direito de fazer escolhas individuais e refor\u00e7ou que a fase acad\u00eamica \u00e9 o in\u00edcio da vida adulta.<\/p>\n<p>\u201cEu acredito que foge um pouco desse discurso do que a gente pretende que \u00e9, de fato, do desenvolvimento. \u00c9 o desenvolvimento pessoal, acad\u00eamico, profissional. Do amadurecimento para a vida e para toda a sua realidade. Os v\u00ednculos com a fam\u00edlia s\u00e3o extremamente importantes, mas hoje a fam\u00edlia pode estar pr\u00f3xima do estudante, acompanh\u00e1-lo no seu dia a dia, necessariamente sem estar fisicamente ao lado. A fala da ministra, ao meu ver, pra se traduzir de maneira pr\u00e1tica, seria apenas cerceando o direito de escolhas, reduzindo aquilo que hoje o Sisu j\u00e1 permite, que \u00e9 escolher uma universidade fora da regi\u00e3o onde o estudante resida. Ou seja, em qualquer lugar do Brasil\u201d, afirma.<\/p>\n<p>O pesquisador de educa\u00e7\u00e3o Cl\u00e1udio de Moura Castro tamb\u00e9m criticou. Disse que \u00e9 preciso ter dados, estudos concretos, para afirmar que estudar longe de casa \u00e9 um problema: \u201cIsso \u00e9 visto como uma forma de amadurecer, de ganhar responsabilidade, de desmamar da m\u00e3e, que fica a\u00ed levando bolinhos, levando isso, levando aquilo. \u00c9 uma maneira de ganhar voo pr\u00f3prio. Se ela diz que muitos est\u00e3o tendo problema, muitos s\u00e3o tr\u00eas? S\u00e3o mil, s\u00e3o 10 mil, s\u00e3o 50 mil? Se s\u00e3o tr\u00eas, esquece o problema. Se s\u00e3o mil, quem sabe? Se s\u00e3o 50 mil, n\u00f3s temos um problema. Mas sem conhecer esses n\u00fameros n\u00e3o h\u00e1 como dizer se n\u00f3s estamos diante de um problema que requer alguma aten\u00e7\u00e3o\u201d.<\/p>\n<p><strong>Globo<\/strong><\/p>\n","protected":false},"excerpt":{"rendered":"<p>A ministra da Mulher, Fam\u00edlia e Direitos Humanos se envolveu numa nova pol\u00eamica. Depois de dizer que menino veste azul e menina veste rosa, Damares&hellip; <\/p>\n","protected":false},"author":1,"featured_media":75705,"comment_status":"closed","ping_status":"closed","sticky":false,"template":"","format":"standard","meta":{"sfsi_plus_gutenberg_text_before_share":"","sfsi_plus_gutenberg_show_text_before_share":"","sfsi_plus_gutenberg_icon_type":"","sfsi_plus_gutenberg_icon_alignemt":"","sfsi_plus_gutenburg_max_per_row":"","footnotes":""},"categories":[11],"tags":[],"class_list":["post-79677","post","type-post","status-publish","format-standard","has-post-thumbnail","hentry","category-politica"],"_links":{"self":[{"href":"https:\/\/www.caririemacao.com\/1\/wp-json\/wp\/v2\/posts\/79677","targetHints":{"allow":["GET"]}}],"collection":[{"href":"https:\/\/www.caririemacao.com\/1\/wp-json\/wp\/v2\/posts"}],"about":[{"href":"https:\/\/www.caririemacao.com\/1\/wp-json\/wp\/v2\/types\/post"}],"author":[{"embeddable":true,"href":"https:\/\/www.caririemacao.com\/1\/wp-json\/wp\/v2\/users\/1"}],"replies":[{"embeddable":true,"href":"https:\/\/www.caririemacao.com\/1\/wp-json\/wp\/v2\/comments?post=79677"}],"version-history":[{"count":1,"href":"https:\/\/www.caririemacao.com\/1\/wp-json\/wp\/v2\/posts\/79677\/revisions"}],"predecessor-version":[{"id":79679,"href":"https:\/\/www.caririemacao.com\/1\/wp-json\/wp\/v2\/posts\/79677\/revisions\/79679"}],"wp:featuredmedia":[{"embeddable":true,"href":"https:\/\/www.caririemacao.com\/1\/wp-json\/wp\/v2\/media\/75705"}],"wp:attachment":[{"href":"https:\/\/www.caririemacao.com\/1\/wp-json\/wp\/v2\/media?parent=79677"}],"wp:term":[{"taxonomy":"category","embeddable":true,"href":"https:\/\/www.caririemacao.com\/1\/wp-json\/wp\/v2\/categories?post=79677"},{"taxonomy":"post_tag","embeddable":true,"href":"https:\/\/www.caririemacao.com\/1\/wp-json\/wp\/v2\/tags?post=79677"}],"curies":[{"name":"wp","href":"https:\/\/api.w.org\/{rel}","templated":true}]}}