{"id":79680,"date":"2019-01-05T15:33:52","date_gmt":"2019-01-05T18:33:52","guid":{"rendered":"http:\/\/www.caririemacao.com\/1\/?p=79680"},"modified":"2019-01-05T15:33:52","modified_gmt":"2019-01-05T18:33:52","slug":"10-desafios-da-escola-publica-em-2019-e-nenhum-deles-tem-a-ver-com-ideologia","status":"publish","type":"post","link":"https:\/\/www.caririemacao.com\/1\/2019\/01\/05\/10-desafios-da-escola-publica-em-2019-e-nenhum-deles-tem-a-ver-com-ideologia\/","title":{"rendered":"10 desafios da escola p\u00fablica em 2019 (e nenhum deles tem a ver com ideologia)"},"content":{"rendered":"<p>Em discursos e no plano de governo, o presidente eleito Jair Bolsonaro (PSL) costuma citar supostas \u201cideologia\u201d e \u201cdoutrina\u00e7\u00e3o\u201d como principal mal a ser combatido no ensino brasileiro.\u00a0Este problema jamais foi diagnosticado cientificamente ou citado em relat\u00f3rios da \u00e1rea.<\/p>\n<p>Por outro lado, uma lista de quest\u00f5es s\u00e9rias aguarda por resolu\u00e7\u00f5es e prioridade dos poderes Executivo e Legislativo de todas as esferas p\u00fablicas.<\/p>\n<p>Os desafios abaixo nunca foram abordados pelo novo governo federal, mas precisam de espa\u00e7o nas discuss\u00f5es sobre educa\u00e7\u00e3o. Conhe\u00e7a a lista:<\/p>\n<h2><strong>10 desafios da escola p\u00fablica<\/strong><\/h2>\n<h3><strong>1- Resolver incertezas do Ensino M\u00e9dio<\/strong><\/h3>\n<p>Aprovada a \u201creforma do Ensino M\u00e9dio\u201d, faltam planos e recursos para que seja executada sem precariza\u00e7\u00e3o. Ainda n\u00e3o est\u00e1 definida a forma\u00e7\u00e3o e adapta\u00e7\u00e3o dos profissionais das escolas nem dos materiais did\u00e1ticos.<\/p>\n<p>Tamb\u00e9m n\u00e3o se sabe como, nos anos seguintes, as escolas far\u00e3o a amplia\u00e7\u00e3o da carga hor\u00e1ria sem aumento de recursos financeiros.<\/p>\n<h3><strong>2- Retomar as metas do PNE<\/strong><\/h3>\n<p>Das 20 metas para uma educa\u00e7\u00e3o de qualidade, 16 est\u00e3o praticamente estagnadas. A\u00a0an\u00e1lise\u00a0sobre os 4 anos de vig\u00eancia do Plano Nacional de Educa\u00e7\u00e3o (PNE) foi feita pelo pr\u00f3prio Inep, \u00f3rg\u00e3o do Minist\u00e9rio da Educa\u00e7\u00e3o (MEC), em junho de 2018.<\/p>\n<p>\u00c9 preciso prioridade para o PNE, que \u00e9 Lei e um compromisso do Brasil com sua escola. Entre as metas, est\u00e3o aumento de vagas, de verba, melhoria de estrutura e de sal\u00e1rios de professores.<\/p>\n<h3><strong>3- Manter o Ensino de Jovens e Adultos<\/strong><\/h3>\n<p>\u00c9 preciso erradicar o analfabetismo de adultos no Brasil \u2013 8% da popula\u00e7\u00e3o acima de 15 anos n\u00e3o sabe ler e escrever. Por isso preocupa a atual defici\u00eancia e falta de aten\u00e7\u00e3o aos EJAs.<\/p>\n<h3><strong>4- Melhorar estrutura das escolas<\/strong><\/h3>\n<p>Com paredes descascadas, mesas quebradas e falta de material \u00e9 dif\u00edcil que professores e estudantes sintam acolhimento e inspira\u00e7\u00e3o no ambiente escolar.<\/p>\n<p>Segundo o Censo Escolar divulgado em 2018, a cada 10 escolas de ensino fundamental, 8 n\u00e3o t\u00eam laborat\u00f3rio de ci\u00eancias, 6 n\u00e3o oferecem banheiro acess\u00edvel para pessoas com mobilidade reduzida e 5 t\u00eam apenas fossa no lugar do banheiro.<\/p>\n<p>No Ensino M\u00e9dio, falta laborat\u00f3rio em quase metade dos col\u00e9gios, 45,6%. A cada 10 unidades, 3 ainda oferecem fossa em vez de sistema de esgoto.<\/p>\n<h3><strong>5- Valorizar professores<\/strong><\/h3>\n<p>Hoje, professores das redes p\u00fablicas ganham 25% menos do que outros profissionais assalariados com o mesmo n\u00edvel de ensino. O c\u00e1lculo \u00e9 do pr\u00f3prio Minist\u00e9rio da Educa\u00e7\u00e3o, feito este ano.<\/p>\n<p>Segundo o Plano Nacional de Educa\u00e7\u00e3o, o desequil\u00edbrio deveria ser resolvido at\u00e9 2020. Tamb\u00e9m s\u00e3o metas do PNE: plano de carreira e cria\u00e7\u00e3o de um piso salarial nacional para a profiss\u00e3o.<\/p>\n<p>Quanto mais lenta for a adequa\u00e7\u00e3o dos sal\u00e1rios dos profissionais da educa\u00e7\u00e3o, mais dif\u00edcil construir uma escola com motiva\u00e7\u00e3o, inspira\u00e7\u00e3o e preparo.<\/p>\n<p>A cada quatro professores brasileiros do ensino b\u00e1sico, um faz \u201cbicos\u201d para complementar a renda.<\/p>\n<h3><strong>6- Urgente renova\u00e7\u00e3o do Fundeb<\/strong><\/h3>\n<p>Ainda n\u00e3o h\u00e1 um novo fundo para substituir o atual Fundo de Manuten\u00e7\u00e3o e Desenvolvimento da Educa\u00e7\u00e3o B\u00e1sica e Valoriza\u00e7\u00e3o do Magist\u00e9rio (Fundeb), que tem dura\u00e7\u00e3o s\u00f3 at\u00e9 2020.<\/p>\n<p>Sem o Fundeb, a escola p\u00fablica entraria em colapso total.<\/p>\n<p>\u00c9 urgente renovar o fundo em 2019. H\u00e1 duas Propostas de Emenda \u00e0 Constitui\u00e7\u00e3o (PEC) no Congresso Nacional. Movimentos educacionais reivindicam melhorias nos projetos, como aumento da contribui\u00e7\u00e3o da Uni\u00e3o.<\/p>\n<p>Composto por parte de impostos municipais e estaduais, somada a uma complementa\u00e7\u00e3o federal, o Fundeb distribuiu R$ 148 bilh\u00f5es em 2018. Mais da metade (60%) \u00e9 usada para completar sal\u00e1rio de professores em estados que n\u00e3o atingem o piso nacional.<\/p>\n<h3><strong>7- Lutar por mais or\u00e7amento e contra cortes<\/strong><\/h3>\n<p>Quase todos os problemas da escola p\u00fablica implicam em falta de verbas. Com as verbas atuais, o Brasil investe por aluno apenas metade do valor dos pa\u00edses desenvolvidos.<\/p>\n<p>O problema \u00e9 que o teto de gastos imposto pelo governo Temer em 2016 (EC 95) comprime o or\u00e7amento dos pr\u00f3ximos 20 anos. Com esta medida em vigor, o or\u00e7amento em educa\u00e7\u00e3o tende a diminuir, n\u00e3o aumentar, como orienta o Plano Nacional de Educa\u00e7\u00e3o.<\/p>\n<p>Em 2018, s\u00f3 com muita press\u00e3o os recursos do Minist\u00e9rio da Educa\u00e7\u00e3o foram mantidos.<\/p>\n<p>Leia mais sobre isso<\/p>\n<div id=\"attachment_25832\" class=\"wp-caption alignnone\"><a href=\"http:\/\/ubes.org.br\/ubesnovo\/wp-content\/uploads\/2018\/08\/photo5159211121247365161.jpg\"><img fetchpriority=\"high\" decoding=\"async\" class=\"lazy wp-image-25832 lazy-loaded\" src=\"http:\/\/ubes.org.br\/ubesnovo\/wp-content\/uploads\/2018\/08\/photo5159211121247365161.jpg\" sizes=\"(max-width: 581px) 100vw, 581px\" srcset=\"http:\/\/ubes.org.br\/ubesnovo\/wp-content\/uploads\/2018\/08\/photo5159211121247365161.jpg 1280w, http:\/\/ubes.org.br\/ubesnovo\/wp-content\/uploads\/2018\/08\/photo5159211121247365161-300x200.jpg 300w, http:\/\/ubes.org.br\/ubesnovo\/wp-content\/uploads\/2018\/08\/photo5159211121247365161-768x512.jpg 768w, http:\/\/ubes.org.br\/ubesnovo\/wp-content\/uploads\/2018\/08\/photo5159211121247365161-1024x682.jpg 1024w, http:\/\/ubes.org.br\/ubesnovo\/wp-content\/uploads\/2018\/08\/photo5159211121247365161-600x400.jpg 600w, http:\/\/ubes.org.br\/ubesnovo\/wp-content\/uploads\/2018\/08\/photo5159211121247365161-219x146.jpg 219w, http:\/\/ubes.org.br\/ubesnovo\/wp-content\/uploads\/2018\/08\/photo5159211121247365161-50x33.jpg 50w, http:\/\/ubes.org.br\/ubesnovo\/wp-content\/uploads\/2018\/08\/photo5159211121247365161-113x75.jpg 113w, http:\/\/ubes.org.br\/ubesnovo\/wp-content\/uploads\/2018\/08\/photo5159211121247365161-720x480.jpg 720w\" alt=\"\" width=\"581\" height=\"387\" data-lazy-type=\"image\" data-lazy-src=\"http:\/\/ubes.org.br\/ubesnovo\/wp-content\/uploads\/2018\/08\/photo5159211121247365161.jpg\" data-lazy-srcset=\"http:\/\/ubes.org.br\/ubesnovo\/wp-content\/uploads\/2018\/08\/photo5159211121247365161.jpg 1280w, http:\/\/ubes.org.br\/ubesnovo\/wp-content\/uploads\/2018\/08\/photo5159211121247365161-300x200.jpg 300w, http:\/\/ubes.org.br\/ubesnovo\/wp-content\/uploads\/2018\/08\/photo5159211121247365161-768x512.jpg 768w, http:\/\/ubes.org.br\/ubesnovo\/wp-content\/uploads\/2018\/08\/photo5159211121247365161-1024x682.jpg 1024w, http:\/\/ubes.org.br\/ubesnovo\/wp-content\/uploads\/2018\/08\/photo5159211121247365161-600x400.jpg 600w, http:\/\/ubes.org.br\/ubesnovo\/wp-content\/uploads\/2018\/08\/photo5159211121247365161-219x146.jpg 219w, http:\/\/ubes.org.br\/ubesnovo\/wp-content\/uploads\/2018\/08\/photo5159211121247365161-50x33.jpg 50w, http:\/\/ubes.org.br\/ubesnovo\/wp-content\/uploads\/2018\/08\/photo5159211121247365161-113x75.jpg 113w, http:\/\/ubes.org.br\/ubesnovo\/wp-content\/uploads\/2018\/08\/photo5159211121247365161-720x480.jpg 720w\" data-lazy-sizes=\"(max-width: 581px) 100vw, 581px\" \/><noscript>&amp;amp;lt;img class=&#8221;wp-image-25832&#8243; src=&#8221;http:\/\/ubes.org.br\/ubesnovo\/wp-content\/uploads\/2018\/08\/photo5159211121247365161.jpg&#8221; alt=&#8221;&#8221; width=&#8221;581&#8243; height=&#8221;387&#8243; srcset=&#8221;http:\/\/ubes.org.br\/ubesnovo\/wp-content\/uploads\/2018\/08\/photo5159211121247365161.jpg 1280w, http:\/\/ubes.org.br\/ubesnovo\/wp-content\/uploads\/2018\/08\/photo5159211121247365161-300&#215;200.jpg 300w, http:\/\/ubes.org.br\/ubesnovo\/wp-content\/uploads\/2018\/08\/photo5159211121247365161-768&#215;512.jpg 768w, http:\/\/ubes.org.br\/ubesnovo\/wp-content\/uploads\/2018\/08\/photo5159211121247365161-1024&#215;682.jpg 1024w, http:\/\/ubes.org.br\/ubesnovo\/wp-content\/uploads\/2018\/08\/photo5159211121247365161-600&#215;400.jpg 600w, http:\/\/ubes.org.br\/ubesnovo\/wp-content\/uploads\/2018\/08\/photo5159211121247365161-219&#215;146.jpg 219w, http:\/\/ubes.org.br\/ubesnovo\/wp-content\/uploads\/2018\/08\/photo5159211121247365161-50&#215;33.jpg 50w, http:\/\/ubes.org.br\/ubesnovo\/wp-content\/uploads\/2018\/08\/photo5159211121247365161-113&#215;75.jpg 113w, http:\/\/ubes.org.br\/ubesnovo\/wp-content\/uploads\/2018\/08\/photo5159211121247365161-720&#215;480.jpg 720w&#8221; sizes=&#8221;(max-width: 581px) 100vw, 581px&#8221; \/&amp;amp;gt;<\/noscript><\/a><\/p>\n<p class=\"wp-caption-text\">O \u2018abacaxi\u2019 do congelamento de gastos n\u00e3o \u00e9 os estudantes. Presidentes da UBES, UNE e ANPG lutam contra cortes no or\u00e7amento do Minist\u00e9rio da Educa\u00e7\u00e3o, em 2018.<\/p>\n<\/div>\n<h3><strong>8- Ampliar vagas<\/strong><\/h3>\n<p>A meta do Plano Nacional de Educa\u00e7\u00e3o \u00e9 ter 85% dos jovens entre 15 e 17 anos na escola at\u00e9 2024. Hoje s\u00e3o 70,1%.<\/p>\n<p>Um milh\u00e3o e meio de jovens entre 15 e 17 anos se mant\u00eam fora da escola. Uma preocupa\u00e7\u00e3o \u00e9 que os sistemas de ensino t\u00eam diminu\u00eddo salas de aula, desconsiderando as pessoas n\u00e3o matriculadas.<\/p>\n<p>A escola p\u00fablica tem ainda a meta de atender 25% das matr\u00edculas de ensino b\u00e1sico em per\u00edodo integral, at\u00e9 2024. S\u00e3o apenas 17,4% em 2017, uma estagna\u00e7\u00e3o em rela\u00e7\u00e3o a 2014, segundo balan\u00e7o do Inep.<\/p>\n<h3><strong>9- Qualificar o ensino m\u00e9dio t\u00e9cnico<\/strong><\/h3>\n<p>As vagas de ensino m\u00e9dio integrado com o profissional deveriam triplicar em rela\u00e7\u00e3o ao ano inicial do Plano Nacional de Educa\u00e7\u00e3o, 2014 (468 mil matr\u00edculas). Para isso, devem atingir 1,3 milh\u00e3o em 2024, mas ainda est\u00e3o em 55 mil.<\/p>\n<p>Por\u00e9m, os Institutos Federais sofrem s\u00e9rias amea\u00e7as com os cortes de verbas e a Emenda Constitucional do teto de gastos.<\/p>\n<p>J\u00e1 o \u201cnovo Ensino M\u00e9dio\u201d, previsto para os pr\u00f3ximos anos, \u00e9 uma amea\u00e7a \u00e0 manuten\u00e7\u00e3o da qualidade na expans\u00e3o das vagas. Neste formato, para optar pelo ensino m\u00e9dio t\u00e9cnico, o estudante precisa abrir m\u00e3o dos outros aprofundamentos (ci\u00eancias humanas, ci\u00eancias exatas, linguagens, etc).<\/p>\n<h3><strong>10- Garantir direito de aprender e democracia escolar<\/strong><\/h3>\n<p>A Constitui\u00e7\u00e3o Brasileira descreve educa\u00e7\u00e3o como direito que visa n\u00e3o s\u00f3 a \u201cqualifica\u00e7\u00e3o para o trabalho\u201d, mas tamb\u00e9m \u201co pleno desenvolvimento da pessoa\u201d e \u201cseu preparo para o exerc\u00edcio da cidadania\u201d.<\/p>\n<p>No sentido contr\u00e1rio \u00e0 proposta constitucional, o presidente eleito defende o projeto \u201cEscola Sem Partido\u201d e defende publicamente o fim do \u201csenso cr\u00edtico\u201d na escola.<\/p>\n<p>Exercer cidadania \u00e9 saber reivindicar direitos, colocar opini\u00f5es e participar da democracia. Isso tamb\u00e9m \u00e9 fun\u00e7\u00e3o da escola.<\/p>\n<div id=\"attachment_26173\" class=\"wp-caption alignnone\"><\/div>\n<div>UBES<\/div>\n","protected":false},"excerpt":{"rendered":"<p>Em discursos e no plano de governo, o presidente eleito Jair Bolsonaro (PSL) costuma citar supostas \u201cideologia\u201d e \u201cdoutrina\u00e7\u00e3o\u201d como principal mal a ser combatido&hellip; <\/p>\n","protected":false},"author":1,"featured_media":79681,"comment_status":"closed","ping_status":"closed","sticky":false,"template":"","format":"standard","meta":{"sfsi_plus_gutenberg_text_before_share":"","sfsi_plus_gutenberg_show_text_before_share":"","sfsi_plus_gutenberg_icon_type":"","sfsi_plus_gutenberg_icon_alignemt":"","sfsi_plus_gutenburg_max_per_row":"","footnotes":""},"categories":[14],"tags":[],"class_list":["post-79680","post","type-post","status-publish","format-standard","has-post-thumbnail","hentry","category-educacao"],"_links":{"self":[{"href":"https:\/\/www.caririemacao.com\/1\/wp-json\/wp\/v2\/posts\/79680","targetHints":{"allow":["GET"]}}],"collection":[{"href":"https:\/\/www.caririemacao.com\/1\/wp-json\/wp\/v2\/posts"}],"about":[{"href":"https:\/\/www.caririemacao.com\/1\/wp-json\/wp\/v2\/types\/post"}],"author":[{"embeddable":true,"href":"https:\/\/www.caririemacao.com\/1\/wp-json\/wp\/v2\/users\/1"}],"replies":[{"embeddable":true,"href":"https:\/\/www.caririemacao.com\/1\/wp-json\/wp\/v2\/comments?post=79680"}],"version-history":[{"count":1,"href":"https:\/\/www.caririemacao.com\/1\/wp-json\/wp\/v2\/posts\/79680\/revisions"}],"predecessor-version":[{"id":79682,"href":"https:\/\/www.caririemacao.com\/1\/wp-json\/wp\/v2\/posts\/79680\/revisions\/79682"}],"wp:featuredmedia":[{"embeddable":true,"href":"https:\/\/www.caririemacao.com\/1\/wp-json\/wp\/v2\/media\/79681"}],"wp:attachment":[{"href":"https:\/\/www.caririemacao.com\/1\/wp-json\/wp\/v2\/media?parent=79680"}],"wp:term":[{"taxonomy":"category","embeddable":true,"href":"https:\/\/www.caririemacao.com\/1\/wp-json\/wp\/v2\/categories?post=79680"},{"taxonomy":"post_tag","embeddable":true,"href":"https:\/\/www.caririemacao.com\/1\/wp-json\/wp\/v2\/tags?post=79680"}],"curies":[{"name":"wp","href":"https:\/\/api.w.org\/{rel}","templated":true}]}}