{"id":79709,"date":"2019-01-05T18:54:58","date_gmt":"2019-01-05T21:54:58","guid":{"rendered":"http:\/\/www.caririemacao.com\/1\/?p=79709"},"modified":"2019-01-05T18:54:58","modified_gmt":"2019-01-05T21:54:58","slug":"deputados-firmam-alianca-para-eleicao-na-alpb","status":"publish","type":"post","link":"https:\/\/www.caririemacao.com\/1\/2019\/01\/05\/deputados-firmam-alianca-para-eleicao-na-alpb\/","title":{"rendered":"Deputados firmam alian\u00e7a para elei\u00e7\u00e3o na ALPB"},"content":{"rendered":"<p>Alguns deputados estaduais da Para\u00edba se uniram para formar um bloco de apoio nas elei\u00e7\u00f5es da Assembl\u00e9ia Legislativa do estado.<\/p>\n<p>A informa\u00e7\u00e3o foi confirmada por um dos integrantes do bloco, deputado Ricardo Barbosa (PSB), que \u00e9 candidato ao segundo bi\u00eanio.<\/p>\n<p>Em entrevista neste s\u00e1bado ( 05) ele explicou como se dar\u00e1 o acordo.<\/p>\n<p>\u2013 Eu, o deputado Ti\u00e3o Gomes e o deputado Branco Mendes combinamos que quem tiver melhor aceita\u00e7\u00e3o para candidatar- se ao segundo bi\u00eanio, ter\u00e1 o apoio dos outros dois \u2013 contou.<\/p>\n<p>Ele disse ainda o motivo que fizeram ele n\u00e3o lan\u00e7ar seu nome no primeiro bi\u00eanio.<\/p>\n<p>\u2013 O colega Adriano Galdino teve uma aceita\u00e7\u00e3o mais robusta \u2013 pontou.<\/p>\n<p>Paraiba Online<\/p>\n","protected":false},"excerpt":{"rendered":"<p>Alguns deputados estaduais da Para\u00edba se uniram para formar um bloco de apoio nas elei\u00e7\u00f5es da Assembl\u00e9ia Legislativa do estado. A informa\u00e7\u00e3o foi confirmada por&hellip; <\/p>\n","protected":false},"author":2,"featured_media":79710,"comment_status":"closed","ping_status":"closed","sticky":false,"template":"","format":"standard","meta":{"sfsi_plus_gutenberg_text_before_share":"","sfsi_plus_gutenberg_show_text_before_share":"","sfsi_plus_gutenberg_icon_type":"","sfsi_plus_gutenberg_icon_alignemt":"","sfsi_plus_gutenburg_max_per_row":"","footnotes":""},"categories":[11],"tags":[],"class_list":["post-79709","post","type-post","status-publish","format-standard","has-post-thumbnail","hentry","category-politica"],"_links":{"self":[{"href":"https:\/\/www.caririemacao.com\/1\/wp-json\/wp\/v2\/posts\/79709","targetHints":{"allow":["GET"]}}],"collection":[{"href":"https:\/\/www.caririemacao.com\/1\/wp-json\/wp\/v2\/posts"}],"about":[{"href":"https:\/\/www.caririemacao.com\/1\/wp-json\/wp\/v2\/types\/post"}],"author":[{"embeddable":true,"href":"https:\/\/www.caririemacao.com\/1\/wp-json\/wp\/v2\/users\/2"}],"replies":[{"embeddable":true,"href":"https:\/\/www.caririemacao.com\/1\/wp-json\/wp\/v2\/comments?post=79709"}],"version-history":[{"count":1,"href":"https:\/\/www.caririemacao.com\/1\/wp-json\/wp\/v2\/posts\/79709\/revisions"}],"predecessor-version":[{"id":79711,"href":"https:\/\/www.caririemacao.com\/1\/wp-json\/wp\/v2\/posts\/79709\/revisions\/79711"}],"wp:featuredmedia":[{"embeddable":true,"href":"https:\/\/www.caririemacao.com\/1\/wp-json\/wp\/v2\/media\/79710"}],"wp:attachment":[{"href":"https:\/\/www.caririemacao.com\/1\/wp-json\/wp\/v2\/media?parent=79709"}],"wp:term":[{"taxonomy":"category","embeddable":true,"href":"https:\/\/www.caririemacao.com\/1\/wp-json\/wp\/v2\/categories?post=79709"},{"taxonomy":"post_tag","embeddable":true,"href":"https:\/\/www.caririemacao.com\/1\/wp-json\/wp\/v2\/tags?post=79709"}],"curies":[{"name":"wp","href":"https:\/\/api.w.org\/{rel}","templated":true}]}}