{"id":79712,"date":"2019-01-05T19:41:58","date_gmt":"2019-01-05T22:41:58","guid":{"rendered":"http:\/\/www.caririemacao.com\/1\/?p=79712"},"modified":"2019-01-06T18:57:56","modified_gmt":"2019-01-06T21:57:56","slug":"cavalgada-da-emancipacao-de-prata-reunira-cavaleiros-de-toda-reuniao","status":"publish","type":"post","link":"https:\/\/www.caririemacao.com\/1\/2019\/01\/05\/cavalgada-da-emancipacao-de-prata-reunira-cavaleiros-de-toda-reuniao\/","title":{"rendered":"Cavalgada da Emancipa\u00e7\u00e3o de Prata reunir\u00e1 cavaleiros de toda regi\u00e3o"},"content":{"rendered":"<p>A 6\u00aa Cavalgada da Emancipa\u00e7\u00e3o Pol\u00edtica de Prata ser\u00e1 realizada neste domingo, dia 06, iniciando a programa\u00e7\u00e3o comemorativa aos 60 anos do munic\u00edpio, organizada pela Prefeitura Municipal.<\/p>\n<p>A cavalgada ter\u00e1 in\u00edcio \u00e0s 8h com concentra\u00e7\u00e3o na Antiga Mec\u00e2nica 10 Irm\u00e3os, onde ser\u00e1 servido um caf\u00e9 da manh\u00e3. Em seguida, os cavaleiros tomam destino ao S\u00edtio Balan\u00e7o, tendo como primeira bate sela a Fazenda Barra, em seguida, param mais uma vez no S\u00edtio Gabriel na casa de Z\u00e9 Novo e chegada no Bar de Nal, no S\u00edtio Balan\u00e7o.<\/p>\n<p>De acordo com Genivaldo Temb\u00f3rio, secret\u00e1rio de agricultura e membro da organiza\u00e7\u00e3o, os cavaleiros retornam logo ap\u00f3s o almo\u00e7o e devem chegar a cidade por volta das 17h, onde ser\u00e3o recebidos ao som de muito forr\u00f3 com Reginaldo Silva, Bidinga do Acordeon e do aboiador Divom Amorim.<\/p>\n","protected":false},"excerpt":{"rendered":"<p>A 6\u00aa Cavalgada da Emancipa\u00e7\u00e3o Pol\u00edtica de Prata ser\u00e1 realizada neste domingo, dia 06, iniciando a programa\u00e7\u00e3o comemorativa aos 60 anos do munic\u00edpio, organizada pela&hellip; <\/p>\n","protected":false},"author":2,"featured_media":79718,"comment_status":"closed","ping_status":"closed","sticky":false,"template":"","format":"standard","meta":{"sfsi_plus_gutenberg_text_before_share":"","sfsi_plus_gutenberg_show_text_before_share":"","sfsi_plus_gutenberg_icon_type":"","sfsi_plus_gutenberg_icon_alignemt":"","sfsi_plus_gutenburg_max_per_row":"","footnotes":""},"categories":[6],"tags":[],"class_list":["post-79712","post","type-post","status-publish","format-standard","has-post-thumbnail","hentry","category-cidades"],"_links":{"self":[{"href":"https:\/\/www.caririemacao.com\/1\/wp-json\/wp\/v2\/posts\/79712","targetHints":{"allow":["GET"]}}],"collection":[{"href":"https:\/\/www.caririemacao.com\/1\/wp-json\/wp\/v2\/posts"}],"about":[{"href":"https:\/\/www.caririemacao.com\/1\/wp-json\/wp\/v2\/types\/post"}],"author":[{"embeddable":true,"href":"https:\/\/www.caririemacao.com\/1\/wp-json\/wp\/v2\/users\/2"}],"replies":[{"embeddable":true,"href":"https:\/\/www.caririemacao.com\/1\/wp-json\/wp\/v2\/comments?post=79712"}],"version-history":[{"count":2,"href":"https:\/\/www.caririemacao.com\/1\/wp-json\/wp\/v2\/posts\/79712\/revisions"}],"predecessor-version":[{"id":79810,"href":"https:\/\/www.caririemacao.com\/1\/wp-json\/wp\/v2\/posts\/79712\/revisions\/79810"}],"wp:featuredmedia":[{"embeddable":true,"href":"https:\/\/www.caririemacao.com\/1\/wp-json\/wp\/v2\/media\/79718"}],"wp:attachment":[{"href":"https:\/\/www.caririemacao.com\/1\/wp-json\/wp\/v2\/media?parent=79712"}],"wp:term":[{"taxonomy":"category","embeddable":true,"href":"https:\/\/www.caririemacao.com\/1\/wp-json\/wp\/v2\/categories?post=79712"},{"taxonomy":"post_tag","embeddable":true,"href":"https:\/\/www.caririemacao.com\/1\/wp-json\/wp\/v2\/tags?post=79712"}],"curies":[{"name":"wp","href":"https:\/\/api.w.org\/{rel}","templated":true}]}}