{"id":79721,"date":"2019-01-05T20:56:59","date_gmt":"2019-01-05T23:56:59","guid":{"rendered":"http:\/\/www.caririemacao.com\/1\/?p=79721"},"modified":"2019-01-05T20:56:59","modified_gmt":"2019-01-05T23:56:59","slug":"profissionais-da-atencao-basica-da-cidade-de-amparo-recebem-gratificacao-de-programa-federal","status":"publish","type":"post","link":"https:\/\/www.caririemacao.com\/1\/2019\/01\/05\/profissionais-da-atencao-basica-da-cidade-de-amparo-recebem-gratificacao-de-programa-federal\/","title":{"rendered":"Profissionais da Aten\u00e7\u00e3o B\u00e1sica da cidade de Amparo recebem gratifica\u00e7\u00e3o de programa federal"},"content":{"rendered":"<p>Os servidores municipais da cidade de Amparo receberam o pagamento das gratifica\u00e7\u00f5es do PMAQ (Programa de Melhoria do Acesso e da Qualidade na Aten\u00e7\u00e3o B\u00e1sica), Esse Programa incentiva os gestores e as equipes de aten\u00e7\u00e3o b\u00e1sica a melhorar a qualidade dos servi\u00e7os de sa\u00fade oferecidos aos cidad\u00e3os no munic\u00edpio.As equipes que receberam a gratifica\u00e7\u00e3o foram a Equipe do NASF, Equipe do PSF e os Agentes Comunit\u00e1rios de Sa\u00fade.<\/p>\n<p>Segundo a Secret\u00e1ria de Sa\u00fade, Ver\u00f4nica Rafael, pelo qual o repasse \u00e9 feito, este pagamento \u00e9 uma garantia em lei\u00a0 \u201cEstamos seguindo a determina\u00e7\u00e3o da lei, gratificando aqueles servidores que se esfor\u00e7aram para alcan\u00e7ar a melhoria incentivada pelo programa aqui em nossa cidade. O pagamento do PMAQ \u00e9 a demonstra\u00e7\u00e3o do compromisso com os servidores Amparenses, promovendo a melhoria dos atendimentos e valoriza\u00e7\u00e3o das equipes de trabalho\u201d.<\/p>\n","protected":false},"excerpt":{"rendered":"<p>Os servidores municipais da cidade de Amparo receberam o pagamento das gratifica\u00e7\u00f5es do PMAQ (Programa de Melhoria do Acesso e da Qualidade na Aten\u00e7\u00e3o B\u00e1sica),&hellip; <\/p>\n","protected":false},"author":1,"featured_media":44145,"comment_status":"closed","ping_status":"closed","sticky":false,"template":"","format":"standard","meta":{"sfsi_plus_gutenberg_text_before_share":"","sfsi_plus_gutenberg_show_text_before_share":"","sfsi_plus_gutenberg_icon_type":"","sfsi_plus_gutenberg_icon_alignemt":"","sfsi_plus_gutenburg_max_per_row":"","footnotes":""},"categories":[6],"tags":[],"class_list":["post-79721","post","type-post","status-publish","format-standard","has-post-thumbnail","hentry","category-cidades"],"_links":{"self":[{"href":"https:\/\/www.caririemacao.com\/1\/wp-json\/wp\/v2\/posts\/79721","targetHints":{"allow":["GET"]}}],"collection":[{"href":"https:\/\/www.caririemacao.com\/1\/wp-json\/wp\/v2\/posts"}],"about":[{"href":"https:\/\/www.caririemacao.com\/1\/wp-json\/wp\/v2\/types\/post"}],"author":[{"embeddable":true,"href":"https:\/\/www.caririemacao.com\/1\/wp-json\/wp\/v2\/users\/1"}],"replies":[{"embeddable":true,"href":"https:\/\/www.caririemacao.com\/1\/wp-json\/wp\/v2\/comments?post=79721"}],"version-history":[{"count":1,"href":"https:\/\/www.caririemacao.com\/1\/wp-json\/wp\/v2\/posts\/79721\/revisions"}],"predecessor-version":[{"id":79722,"href":"https:\/\/www.caririemacao.com\/1\/wp-json\/wp\/v2\/posts\/79721\/revisions\/79722"}],"wp:featuredmedia":[{"embeddable":true,"href":"https:\/\/www.caririemacao.com\/1\/wp-json\/wp\/v2\/media\/44145"}],"wp:attachment":[{"href":"https:\/\/www.caririemacao.com\/1\/wp-json\/wp\/v2\/media?parent=79721"}],"wp:term":[{"taxonomy":"category","embeddable":true,"href":"https:\/\/www.caririemacao.com\/1\/wp-json\/wp\/v2\/categories?post=79721"},{"taxonomy":"post_tag","embeddable":true,"href":"https:\/\/www.caririemacao.com\/1\/wp-json\/wp\/v2\/tags?post=79721"}],"curies":[{"name":"wp","href":"https:\/\/api.w.org\/{rel}","templated":true}]}}