{"id":79723,"date":"2019-01-05T21:01:29","date_gmt":"2019-01-06T00:01:29","guid":{"rendered":"http:\/\/www.caririemacao.com\/1\/?p=79723"},"modified":"2019-01-05T21:01:29","modified_gmt":"2019-01-06T00:01:29","slug":"falta-de-abastecimento-acontece-em-sao-sebastiao-do-umbuzeiro-prefeitura-se-pronuncia","status":"publish","type":"post","link":"https:\/\/www.caririemacao.com\/1\/2019\/01\/05\/falta-de-abastecimento-acontece-em-sao-sebastiao-do-umbuzeiro-prefeitura-se-pronuncia\/","title":{"rendered":"Falta de abastecimento acontece em S\u00e3o Sebasti\u00e3o do Umbuzeiro, prefeitura se pronuncia"},"content":{"rendered":"<p>A Prefeitura Municipal de S\u00e3o Sebasti\u00e3o do Umbuzeiro, atrav\u00e9s da Secretaria de Obras e Servi\u00e7os Urbanos, comunicou a popula\u00e7\u00e3o por meio de nota \u00e0 imprensa informando que medidas est\u00e3o sendo tomadas para a regulariza\u00e7\u00e3o do abastecimento de \u00e1gua.Segundo a nota, a interrup\u00e7\u00e3o foi motivada devido ao conserto da bomba. Ainda de acordo com o comunicado, a equipe municipal est\u00e1 aguardando a oficina entregar a pe\u00e7a endere\u00e7ada para conserto para que o abastecimento possa ser normalizado.<\/p>\n<p>O aviso conta tamb\u00e9m com a informa\u00e7\u00e3o que a compra de uma nova bomba j\u00e1 foi feita e aguardam o envio feito da cidade de S\u00e3o Paulo.<\/p>\n","protected":false},"excerpt":{"rendered":"<p>A Prefeitura Municipal de S\u00e3o Sebasti\u00e3o do Umbuzeiro, atrav\u00e9s da Secretaria de Obras e Servi\u00e7os Urbanos, comunicou a popula\u00e7\u00e3o por meio de nota \u00e0 imprensa&hellip; <\/p>\n","protected":false},"author":1,"featured_media":32664,"comment_status":"closed","ping_status":"closed","sticky":false,"template":"","format":"standard","meta":{"sfsi_plus_gutenberg_text_before_share":"","sfsi_plus_gutenberg_show_text_before_share":"","sfsi_plus_gutenberg_icon_type":"","sfsi_plus_gutenberg_icon_alignemt":"","sfsi_plus_gutenburg_max_per_row":"","footnotes":""},"categories":[2],"tags":[],"class_list":["post-79723","post","type-post","status-publish","format-standard","has-post-thumbnail","hentry","category-geral"],"_links":{"self":[{"href":"https:\/\/www.caririemacao.com\/1\/wp-json\/wp\/v2\/posts\/79723","targetHints":{"allow":["GET"]}}],"collection":[{"href":"https:\/\/www.caririemacao.com\/1\/wp-json\/wp\/v2\/posts"}],"about":[{"href":"https:\/\/www.caririemacao.com\/1\/wp-json\/wp\/v2\/types\/post"}],"author":[{"embeddable":true,"href":"https:\/\/www.caririemacao.com\/1\/wp-json\/wp\/v2\/users\/1"}],"replies":[{"embeddable":true,"href":"https:\/\/www.caririemacao.com\/1\/wp-json\/wp\/v2\/comments?post=79723"}],"version-history":[{"count":1,"href":"https:\/\/www.caririemacao.com\/1\/wp-json\/wp\/v2\/posts\/79723\/revisions"}],"predecessor-version":[{"id":79724,"href":"https:\/\/www.caririemacao.com\/1\/wp-json\/wp\/v2\/posts\/79723\/revisions\/79724"}],"wp:featuredmedia":[{"embeddable":true,"href":"https:\/\/www.caririemacao.com\/1\/wp-json\/wp\/v2\/media\/32664"}],"wp:attachment":[{"href":"https:\/\/www.caririemacao.com\/1\/wp-json\/wp\/v2\/media?parent=79723"}],"wp:term":[{"taxonomy":"category","embeddable":true,"href":"https:\/\/www.caririemacao.com\/1\/wp-json\/wp\/v2\/categories?post=79723"},{"taxonomy":"post_tag","embeddable":true,"href":"https:\/\/www.caririemacao.com\/1\/wp-json\/wp\/v2\/tags?post=79723"}],"curies":[{"name":"wp","href":"https:\/\/api.w.org\/{rel}","templated":true}]}}