{"id":79727,"date":"2019-01-05T21:06:47","date_gmt":"2019-01-06T00:06:47","guid":{"rendered":"http:\/\/www.caririemacao.com\/1\/?p=79727"},"modified":"2019-01-05T21:06:47","modified_gmt":"2019-01-06T00:06:47","slug":"tremor-de-terra-e-registrado-na-regiao-do-acre","status":"publish","type":"post","link":"https:\/\/www.caririemacao.com\/1\/2019\/01\/05\/tremor-de-terra-e-registrado-na-regiao-do-acre\/","title":{"rendered":"Tremor de terra \u00e9 registrado na regi\u00e3o do Acre"},"content":{"rendered":"<p>O Observat\u00f3rio Sismol\u00f3gico da Universidade de Bras\u00edlia (UnB) registrou um tremor de terra de magnitude 6,8 na escala Richter, na regi\u00e3o de Tarauac\u00e1, no Acre.<\/p>\n<p>De acordo o observat\u00f3rio, o tremor ocorreu no in\u00edcio da tarde deste s\u00e1bado (5), em grande profundidade e considerado de baixo risco.<\/p>\n<p>Na cidade de Tarauac\u00e1, que fica a 87 quil\u00f4metros do local onde o sismo aconteceu, poucas pessoas sentiram o tremor. Na delegacia policial local, a informa\u00e7\u00e3o \u00e9 de que n\u00e3o houve registro de danos.<\/p>\n","protected":false},"excerpt":{"rendered":"<p>O Observat\u00f3rio Sismol\u00f3gico da Universidade de Bras\u00edlia (UnB) registrou um tremor de terra de magnitude 6,8 na escala Richter, na regi\u00e3o de Tarauac\u00e1, no Acre.&hellip; <\/p>\n","protected":false},"author":1,"featured_media":79728,"comment_status":"closed","ping_status":"closed","sticky":false,"template":"","format":"standard","meta":{"sfsi_plus_gutenberg_text_before_share":"","sfsi_plus_gutenberg_show_text_before_share":"","sfsi_plus_gutenberg_icon_type":"","sfsi_plus_gutenberg_icon_alignemt":"","sfsi_plus_gutenburg_max_per_row":"","footnotes":""},"categories":[2],"tags":[],"class_list":["post-79727","post","type-post","status-publish","format-standard","has-post-thumbnail","hentry","category-geral"],"_links":{"self":[{"href":"https:\/\/www.caririemacao.com\/1\/wp-json\/wp\/v2\/posts\/79727","targetHints":{"allow":["GET"]}}],"collection":[{"href":"https:\/\/www.caririemacao.com\/1\/wp-json\/wp\/v2\/posts"}],"about":[{"href":"https:\/\/www.caririemacao.com\/1\/wp-json\/wp\/v2\/types\/post"}],"author":[{"embeddable":true,"href":"https:\/\/www.caririemacao.com\/1\/wp-json\/wp\/v2\/users\/1"}],"replies":[{"embeddable":true,"href":"https:\/\/www.caririemacao.com\/1\/wp-json\/wp\/v2\/comments?post=79727"}],"version-history":[{"count":1,"href":"https:\/\/www.caririemacao.com\/1\/wp-json\/wp\/v2\/posts\/79727\/revisions"}],"predecessor-version":[{"id":79729,"href":"https:\/\/www.caririemacao.com\/1\/wp-json\/wp\/v2\/posts\/79727\/revisions\/79729"}],"wp:featuredmedia":[{"embeddable":true,"href":"https:\/\/www.caririemacao.com\/1\/wp-json\/wp\/v2\/media\/79728"}],"wp:attachment":[{"href":"https:\/\/www.caririemacao.com\/1\/wp-json\/wp\/v2\/media?parent=79727"}],"wp:term":[{"taxonomy":"category","embeddable":true,"href":"https:\/\/www.caririemacao.com\/1\/wp-json\/wp\/v2\/categories?post=79727"},{"taxonomy":"post_tag","embeddable":true,"href":"https:\/\/www.caririemacao.com\/1\/wp-json\/wp\/v2\/tags?post=79727"}],"curies":[{"name":"wp","href":"https:\/\/api.w.org\/{rel}","templated":true}]}}