{"id":79741,"date":"2019-01-06T10:26:59","date_gmt":"2019-01-06T13:26:59","guid":{"rendered":"http:\/\/www.caririemacao.com\/1\/?p=79741"},"modified":"2019-01-06T10:26:59","modified_gmt":"2019-01-06T13:26:59","slug":"fenomeno-halo-solar-e-visto-por-moradores-de-sume-no-cariri-da-paraiba","status":"publish","type":"post","link":"https:\/\/www.caririemacao.com\/1\/2019\/01\/06\/fenomeno-halo-solar-e-visto-por-moradores-de-sume-no-cariri-da-paraiba\/","title":{"rendered":"Fen\u00f4meno halo solar \u00e9 visto por moradores de Sum\u00e9, no Cariri da Para\u00edba"},"content":{"rendered":"<div class=\"td-pb-row\">\n<div class=\"td-pb-span8 td-main-content\" role=\"main\">\n<div class=\"td-ss-main-content\">\n<div class=\"td-post-content\">\n<p class=\"has-drop-cap\">Os moradores da cidade de Sum\u00e9, no Cariri paraibano, puderam observar um halo solar na manh\u00e3 desta sexta-feira (4). O fen\u00f4meno \u00e9 visto como um grande \u201carco-iris\u201d formando um c\u00edrculo em volta do sol.<br \/>\nAs imagens do halo visto do Cariri paraibano foram registradas por v\u00e1rios moradores e compartilhadas nas redes sociais.<\/p>\n<p class=\"has-drop-cap\">Segundo a meteorologia, o fen\u00f4meno ocorre quando a luz do Sol \u00e9 refletida por cristais de gelo na atmosfera. O halo solar tem rela\u00e7\u00e3o com a umidade na atmosfera, mas n\u00e3o representa diretamente um indicativo de chuvas.<\/p>\n<p>De acordo com a meteorologista da Ag\u00eancia Executiva de Gest\u00e3o das \u00c1guas da Para\u00edba (Aesa), Marle Bandeira, o halo solar \u00e9 um fen\u00f4meno \u00f3ptico que acontece na troposfera, que \u00e9 a camada mais baixa da atmosfera terrestre, com espessura de 12 km podendo alcan\u00e7ar at\u00e9 17 km de altura.<\/p>\n<p>\u201cEmbora algumas pessoas relacionem o halo solar \u00e0 chuva, especialistas garantem que a forma\u00e7\u00e3o do c\u00edrculo colorido ao redor do Sol nada tem a ver com a possibilidade de precipita\u00e7\u00f5es. Diferentemente do arco-\u00edris, que \u00e9 inerente \u00e0 \u00e1gua\u201d, explicou a meteorologista.<\/p>\n<\/div>\n<p>&nbsp;<\/p>\n<\/div>\n<\/div>\n<\/div>\n<p>&nbsp;<\/p>\n","protected":false},"excerpt":{"rendered":"<p>Os moradores da cidade de Sum\u00e9, no Cariri paraibano, puderam observar um halo solar na manh\u00e3 desta sexta-feira (4). O fen\u00f4meno \u00e9 visto como um&hellip; <\/p>\n","protected":false},"author":1,"featured_media":79742,"comment_status":"closed","ping_status":"closed","sticky":false,"template":"","format":"standard","meta":{"sfsi_plus_gutenberg_text_before_share":"","sfsi_plus_gutenberg_show_text_before_share":"","sfsi_plus_gutenberg_icon_type":"","sfsi_plus_gutenberg_icon_alignemt":"","sfsi_plus_gutenburg_max_per_row":"","footnotes":""},"categories":[50,2],"tags":[],"class_list":["post-79741","post","type-post","status-publish","format-standard","has-post-thumbnail","hentry","category-destaque","category-geral"],"_links":{"self":[{"href":"https:\/\/www.caririemacao.com\/1\/wp-json\/wp\/v2\/posts\/79741","targetHints":{"allow":["GET"]}}],"collection":[{"href":"https:\/\/www.caririemacao.com\/1\/wp-json\/wp\/v2\/posts"}],"about":[{"href":"https:\/\/www.caririemacao.com\/1\/wp-json\/wp\/v2\/types\/post"}],"author":[{"embeddable":true,"href":"https:\/\/www.caririemacao.com\/1\/wp-json\/wp\/v2\/users\/1"}],"replies":[{"embeddable":true,"href":"https:\/\/www.caririemacao.com\/1\/wp-json\/wp\/v2\/comments?post=79741"}],"version-history":[{"count":1,"href":"https:\/\/www.caririemacao.com\/1\/wp-json\/wp\/v2\/posts\/79741\/revisions"}],"predecessor-version":[{"id":79743,"href":"https:\/\/www.caririemacao.com\/1\/wp-json\/wp\/v2\/posts\/79741\/revisions\/79743"}],"wp:featuredmedia":[{"embeddable":true,"href":"https:\/\/www.caririemacao.com\/1\/wp-json\/wp\/v2\/media\/79742"}],"wp:attachment":[{"href":"https:\/\/www.caririemacao.com\/1\/wp-json\/wp\/v2\/media?parent=79741"}],"wp:term":[{"taxonomy":"category","embeddable":true,"href":"https:\/\/www.caririemacao.com\/1\/wp-json\/wp\/v2\/categories?post=79741"},{"taxonomy":"post_tag","embeddable":true,"href":"https:\/\/www.caririemacao.com\/1\/wp-json\/wp\/v2\/tags?post=79741"}],"curies":[{"name":"wp","href":"https:\/\/api.w.org\/{rel}","templated":true}]}}