{"id":79744,"date":"2019-01-06T10:28:58","date_gmt":"2019-01-06T13:28:58","guid":{"rendered":"http:\/\/www.caririemacao.com\/1\/?p=79744"},"modified":"2019-01-06T10:28:58","modified_gmt":"2019-01-06T13:28:58","slug":"depois-de-cabaceiras-gangue-da-marcha-a-re-arromba-loja-moveletro-em-sao-domingos-do-cariri","status":"publish","type":"post","link":"https:\/\/www.caririemacao.com\/1\/2019\/01\/06\/depois-de-cabaceiras-gangue-da-marcha-a-re-arromba-loja-moveletro-em-sao-domingos-do-cariri\/","title":{"rendered":"Depois de Cabaceiras, Gangue da Marcha \u00e0 R\u00e9 arromba loja Moveletro em S\u00e3o Domingos do Cariri"},"content":{"rendered":"<p>Um dias ap\u00f3s bandidos arrombarem a loja do grupo Moveletro na cidade de Cabaceiras, no Cariri, e furtarem celulares, televisores e som, a loja do mesmo grupo foi alvo da bandidagem em S\u00e3o Domingos do Cariri, na madrugada deste domingo (6).<\/p>\n<p>De acordo com informa\u00e7\u00f5es de populares, o grupo de criminosos usaram um carro para entrar na loja.<\/p>\n<p>Segundo informa\u00e7\u00f5es de testemunhas que n\u00e3o quiseram se indentificar, os bandidos levaram uma moto Honda Biz e aparelhos celulares de algumas pessoas que estavam no centro da cidade na hora da a a\u00e7\u00e3o criminosa.<\/p>\n<p>N\u00e3o foi divulgado o valor do preju\u00edzo. A Pol\u00edcia foi acionada mas n\u00e3o se sabe o paradeiro do suspeitos.<\/p>\n<p>&nbsp;<\/p>\n<p>&nbsp;<\/p>\n<p>VITRINE DO CARIRI<\/p>\n","protected":false},"excerpt":{"rendered":"<p>Um dias ap\u00f3s bandidos arrombarem a loja do grupo Moveletro na cidade de Cabaceiras, no Cariri, e furtarem celulares, televisores e som, a loja do&hellip; <\/p>\n","protected":false},"author":1,"featured_media":79745,"comment_status":"closed","ping_status":"closed","sticky":false,"template":"","format":"standard","meta":{"sfsi_plus_gutenberg_text_before_share":"","sfsi_plus_gutenberg_show_text_before_share":"","sfsi_plus_gutenberg_icon_type":"","sfsi_plus_gutenberg_icon_alignemt":"","sfsi_plus_gutenburg_max_per_row":"","footnotes":""},"categories":[12],"tags":[],"class_list":["post-79744","post","type-post","status-publish","format-standard","has-post-thumbnail","hentry","category-policia"],"_links":{"self":[{"href":"https:\/\/www.caririemacao.com\/1\/wp-json\/wp\/v2\/posts\/79744","targetHints":{"allow":["GET"]}}],"collection":[{"href":"https:\/\/www.caririemacao.com\/1\/wp-json\/wp\/v2\/posts"}],"about":[{"href":"https:\/\/www.caririemacao.com\/1\/wp-json\/wp\/v2\/types\/post"}],"author":[{"embeddable":true,"href":"https:\/\/www.caririemacao.com\/1\/wp-json\/wp\/v2\/users\/1"}],"replies":[{"embeddable":true,"href":"https:\/\/www.caririemacao.com\/1\/wp-json\/wp\/v2\/comments?post=79744"}],"version-history":[{"count":1,"href":"https:\/\/www.caririemacao.com\/1\/wp-json\/wp\/v2\/posts\/79744\/revisions"}],"predecessor-version":[{"id":79746,"href":"https:\/\/www.caririemacao.com\/1\/wp-json\/wp\/v2\/posts\/79744\/revisions\/79746"}],"wp:featuredmedia":[{"embeddable":true,"href":"https:\/\/www.caririemacao.com\/1\/wp-json\/wp\/v2\/media\/79745"}],"wp:attachment":[{"href":"https:\/\/www.caririemacao.com\/1\/wp-json\/wp\/v2\/media?parent=79744"}],"wp:term":[{"taxonomy":"category","embeddable":true,"href":"https:\/\/www.caririemacao.com\/1\/wp-json\/wp\/v2\/categories?post=79744"},{"taxonomy":"post_tag","embeddable":true,"href":"https:\/\/www.caririemacao.com\/1\/wp-json\/wp\/v2\/tags?post=79744"}],"curies":[{"name":"wp","href":"https:\/\/api.w.org\/{rel}","templated":true}]}}