{"id":79764,"date":"2019-01-06T10:54:04","date_gmt":"2019-01-06T13:54:04","guid":{"rendered":"http:\/\/www.caririemacao.com\/1\/?p=79764"},"modified":"2019-01-06T10:54:04","modified_gmt":"2019-01-06T13:54:04","slug":"idosa-de-101-anos-que-venceu-o-cancer-troca-presentes-de-aniversario-por-doacoes-para-o-hospital-laureano","status":"publish","type":"post","link":"https:\/\/www.caririemacao.com\/1\/2019\/01\/06\/idosa-de-101-anos-que-venceu-o-cancer-troca-presentes-de-aniversario-por-doacoes-para-o-hospital-laureano\/","title":{"rendered":"Idosa de 101 anos que venceu o c\u00e2ncer troca presentes de anivers\u00e1rio por doa\u00e7\u00f5es para o Hospital Laureano"},"content":{"rendered":"<p>\u201cAs disc\u00f3rdias que existiam antigamente existem hoje do mesmo jeito\u201d, diz dona In\u00eas Ara\u00fajo, que recentemente completou 101 anos e, para comemorar, pediu doa\u00e7\u00f5es ao inv\u00e9s de presentes, que foram entregues a outros idosos do Hospital Napole\u00e3o Laureano, refer\u00eancia no tratamento contra o c\u00e2ncer na Para\u00edba. \u201cSe eu tenho tanto, n\u00e3o \u00e9 justo que outras pessoas n\u00e3o tenham nada. Essa \u00e9 uma das li\u00e7\u00f5es que a vida nos d\u00e1\u201d, pontua.<\/p>\n<p>Falando palavras como \u2018money\u2019 e com um look que inclui vestido e brincos combinando, al\u00e9m de v\u00e1rias pulseiras delicadas colocadas estrategicamente em seus punhos, dona In\u00eas, apesar dos 101 anos de idade rec\u00e9m completados, possui a alma incrivelmente jovem. E ela n\u00e3o nega: \u201cSinceramente, n\u00e3o me sinto com 101 anos. Acho que tenho uns 70, algo assim. N\u00e3o me sinto velha\u201d, garante.<\/p>\n<div class=\"td-a-rec td-a-rec-id-content_inline  \"><span class=\"td-adspot-title\">Sua hist\u00f3ria de vida, por si s\u00f3, j\u00e1 seria uma grande li\u00e7\u00e3o para muitos jovens de hoje em dia. Casou-se apenas aos 28 anos, em uma \u00e9poca em que o comum era, para as mulheres, casarem-se bem mais cedo; seu esposo \u2013 por quem at\u00e9 hoje \u00e9 apaixonada, mesmo ap\u00f3s ele ter falecido -, era tr\u00eas anos mais novo que ela (outro ponto distinto para aquele momento hist\u00f3rico); e em uma per\u00edodo em que mulheres ainda eram vistas como feitas apenas para tarefas do lar, ela trabalhou, por muito tempo no com\u00e9rcio \u2013 sua outra paix\u00e3o. Deixou o emprego do lado somente quando a terceira filha estava para chegar e as obriga\u00e7\u00f5es dentro de casa come\u00e7aram a pesar. Ao todo, foram 8 filhos. 18 netos e 20 bisnetos \u2013 um deles \u00e0 caminho.<\/span><\/div>\n<p>N\u00e3o estudou, mas tem uma forma\u00e7\u00e3o melhor: \u201csou formada pela vida. 101 anos d\u00e1 pra gente aprender um monte de coisa\u201d, diz ela, entre sorrisos. Para quem nasceu no p\u00f3s-guerra e acompanhou a Segunda Guerra Mundial, al\u00e9m de outros momentos hist\u00f3ricos importantes do \u00faltimo s\u00e9culo, como a queda do muro de Berlim, por exemplo, ou o fim da ditadura militar, dona In\u00eas \u00e9 uma entusiasta da vida. Podia se deixar abalar pelas atrocidades que a humanidade j\u00e1 foi capaz de cometer, mas prefere manter um olhar mais positivo diante da vida. Para ela, o que conta, na verdade, \u00e9 o que \u00e9 feito pelo bem.<\/p>\n<p>\u201cEu n\u00e3o preciso de mais nada, tenho tudo o que eu poderia querer. Meus filhos cuidam de mim, me d\u00e3o tudo que eu quero, e o melhor: me d\u00e3o muito amor. Ent\u00e3o pra qu\u00ea eu iria querer que me dessem presentes no meu anivers\u00e1rio? Se tem tanta gente precisando, melhor dar a eles. Foi a\u00ed que resolvi pedir pras pessoas trazerem materiais de limpeza para serem doados na minha festa dos 101 anos\u201d, conta.<\/p>\n<p>&nbsp;<\/p>\n<p>A festa reuniu apenas a fam\u00edlia e amigos mais pr\u00f3ximos, mas foi o suficiente para uma lista de quase 100 convidados. As doa\u00e7\u00f5es recebidas variaram entre materiais como \u00e1gua sanit\u00e1ria at\u00e9 fraldas geri\u00e1tricas \u2013 doa\u00e7\u00f5es essas que ela mesma fez quest\u00e3o de entregar, pessoalmente, ao Laureano.<\/p>\n<p>A escolha pelo hospital n\u00e3o foi de toda ao acaso. Dona In\u00eas j\u00e1 foi v\u00edtima do c\u00e2ncer, assim como seu pai, que faleceu da doen\u00e7a, e uma de suas filhas. Sua disposi\u00e7\u00e3o e for\u00e7a de vida, no entanto, contradizem qualquer problema de sa\u00fade. Ela conta, orgulhosa: \u201cat\u00e9 os 92 anos eu andava de salto lu\u00eds XV. Agora n\u00e3o ando mais porque a idade come\u00e7ou a pesar um pouquinho\u201d. Um pouquinho.<\/p>\n<p>Quando questionada sobre o futuro, ela diz, sem pestanejar: \u201cn\u00e3o sei se chego aos 130, mas se Deus me der sa\u00fade pra chegar at\u00e9 l\u00e1, acho \u00f3timo\u201d. E conclui: \u201cMeu sonho? Olha, queria muito voltar para o com\u00e9rcio, mas acho que agora n\u00e3o d\u00e1 mais, n\u00e3o\u2026\u201d.<\/p>\n<p><iframe data-src=\"https:\/\/www.youtube.com\/embed\/zFt5weXpvXI?feature=oembed\" width=\"100%\" height=\"360\" frameborder=\"0\" allowfullscreen=\"allowfullscreen\" data-mce-fragment=\"1\" src=\"data:image\/svg+xml;base64,PHN2ZyB3aWR0aD0iMSIgaGVpZ2h0PSIxIiB4bWxucz0iaHR0cDovL3d3dy53My5vcmcvMjAwMC9zdmciPjwvc3ZnPg==\" class=\"lazyload\" data-load-mode=\"1\"><\/iframe><\/p>\n<div class=\"fbcb_container\" align=\"center\">\n<h3 class=\"fbcb_leave_cmnt_label\"><\/h3>\n<\/div>\n","protected":false},"excerpt":{"rendered":"<p>\u201cAs disc\u00f3rdias que existiam antigamente existem hoje do mesmo jeito\u201d, diz dona In\u00eas Ara\u00fajo, que recentemente completou 101 anos e, para comemorar, pediu doa\u00e7\u00f5es ao&hellip; <\/p>\n","protected":false},"author":1,"featured_media":79767,"comment_status":"closed","ping_status":"closed","sticky":false,"template":"","format":"standard","meta":{"sfsi_plus_gutenberg_text_before_share":"","sfsi_plus_gutenberg_show_text_before_share":"","sfsi_plus_gutenberg_icon_type":"","sfsi_plus_gutenberg_icon_alignemt":"","sfsi_plus_gutenburg_max_per_row":"","footnotes":""},"categories":[16],"tags":[],"class_list":["post-79764","post","type-post","status-publish","format-standard","has-post-thumbnail","hentry","category-saude"],"_links":{"self":[{"href":"https:\/\/www.caririemacao.com\/1\/wp-json\/wp\/v2\/posts\/79764","targetHints":{"allow":["GET"]}}],"collection":[{"href":"https:\/\/www.caririemacao.com\/1\/wp-json\/wp\/v2\/posts"}],"about":[{"href":"https:\/\/www.caririemacao.com\/1\/wp-json\/wp\/v2\/types\/post"}],"author":[{"embeddable":true,"href":"https:\/\/www.caririemacao.com\/1\/wp-json\/wp\/v2\/users\/1"}],"replies":[{"embeddable":true,"href":"https:\/\/www.caririemacao.com\/1\/wp-json\/wp\/v2\/comments?post=79764"}],"version-history":[{"count":1,"href":"https:\/\/www.caririemacao.com\/1\/wp-json\/wp\/v2\/posts\/79764\/revisions"}],"predecessor-version":[{"id":79768,"href":"https:\/\/www.caririemacao.com\/1\/wp-json\/wp\/v2\/posts\/79764\/revisions\/79768"}],"wp:featuredmedia":[{"embeddable":true,"href":"https:\/\/www.caririemacao.com\/1\/wp-json\/wp\/v2\/media\/79767"}],"wp:attachment":[{"href":"https:\/\/www.caririemacao.com\/1\/wp-json\/wp\/v2\/media?parent=79764"}],"wp:term":[{"taxonomy":"category","embeddable":true,"href":"https:\/\/www.caririemacao.com\/1\/wp-json\/wp\/v2\/categories?post=79764"},{"taxonomy":"post_tag","embeddable":true,"href":"https:\/\/www.caririemacao.com\/1\/wp-json\/wp\/v2\/tags?post=79764"}],"curies":[{"name":"wp","href":"https:\/\/api.w.org\/{rel}","templated":true}]}}