{"id":79769,"date":"2019-01-06T11:01:35","date_gmt":"2019-01-06T14:01:35","guid":{"rendered":"http:\/\/www.caririemacao.com\/1\/?p=79769"},"modified":"2019-01-06T11:01:35","modified_gmt":"2019-01-06T14:01:35","slug":"encerra-esta-semana-inscricoes-do-concurso-para-prefeitura-de-sao-sebastiao-do-umbuzeiro","status":"publish","type":"post","link":"https:\/\/www.caririemacao.com\/1\/2019\/01\/06\/encerra-esta-semana-inscricoes-do-concurso-para-prefeitura-de-sao-sebastiao-do-umbuzeiro\/","title":{"rendered":"Encerra esta semana inscri\u00e7\u00f5es do concurso para Prefeitura de S\u00e3o Sebasti\u00e3o do Umbuzeiro"},"content":{"rendered":"<p>A Prefeitura de S\u00e3o Sebasti\u00e3o do Umbuzeiro oferece 42 vagas com sal\u00e1rios de at\u00e9 R$ 4.368. As inscri\u00e7\u00f5es podem ser feitas at\u00e9 o dia 10 de janeiro de 2019 pelo\u00a0\u00a0<a href=\"https:\/\/www.consulpam.com.br\/index.php?menu=concursos&amp;acao=ver&amp;id=154\">site da organizadora, Consulpam<\/a>.<\/p>\n<p>As taxas de\u00a0inscri\u00e7\u00e3o variam entre\u00a0R$ 70 (n\u00edvel fundamental), R$ 75 (n\u00edvel m\u00e9dio\/t\u00e9cnico) e R$ 100 (n\u00edvel superior).<\/p>\n<p>As provas ser\u00e3o realizadas no dia 17 de mar\u00e7o de 2019.<\/p>\n<ul>\n<li><a href=\"https:\/\/www.consulpam.com.br\/arquivos\/20181210_085409_Edital-S%C3%83O%20SEBASTI%C3%83O%20DO%20UMBUZEIRO.pdf\">Edital do concurso da Prefeitura de S\u00e3o Sebasti\u00e3o do Umbuzeiro<\/a><\/li>\n<\/ul>\n","protected":false},"excerpt":{"rendered":"<p>A Prefeitura de S\u00e3o Sebasti\u00e3o do Umbuzeiro oferece 42 vagas com sal\u00e1rios de at\u00e9 R$ 4.368. As inscri\u00e7\u00f5es podem ser feitas at\u00e9 o dia 10&hellip; <\/p>\n","protected":false},"author":1,"featured_media":79770,"comment_status":"closed","ping_status":"closed","sticky":false,"template":"","format":"standard","meta":{"sfsi_plus_gutenberg_text_before_share":"","sfsi_plus_gutenberg_show_text_before_share":"","sfsi_plus_gutenberg_icon_type":"","sfsi_plus_gutenberg_icon_alignemt":"","sfsi_plus_gutenburg_max_per_row":"","footnotes":""},"categories":[6,50],"tags":[],"class_list":["post-79769","post","type-post","status-publish","format-standard","has-post-thumbnail","hentry","category-cidades","category-destaque"],"_links":{"self":[{"href":"https:\/\/www.caririemacao.com\/1\/wp-json\/wp\/v2\/posts\/79769","targetHints":{"allow":["GET"]}}],"collection":[{"href":"https:\/\/www.caririemacao.com\/1\/wp-json\/wp\/v2\/posts"}],"about":[{"href":"https:\/\/www.caririemacao.com\/1\/wp-json\/wp\/v2\/types\/post"}],"author":[{"embeddable":true,"href":"https:\/\/www.caririemacao.com\/1\/wp-json\/wp\/v2\/users\/1"}],"replies":[{"embeddable":true,"href":"https:\/\/www.caririemacao.com\/1\/wp-json\/wp\/v2\/comments?post=79769"}],"version-history":[{"count":1,"href":"https:\/\/www.caririemacao.com\/1\/wp-json\/wp\/v2\/posts\/79769\/revisions"}],"predecessor-version":[{"id":79771,"href":"https:\/\/www.caririemacao.com\/1\/wp-json\/wp\/v2\/posts\/79769\/revisions\/79771"}],"wp:featuredmedia":[{"embeddable":true,"href":"https:\/\/www.caririemacao.com\/1\/wp-json\/wp\/v2\/media\/79770"}],"wp:attachment":[{"href":"https:\/\/www.caririemacao.com\/1\/wp-json\/wp\/v2\/media?parent=79769"}],"wp:term":[{"taxonomy":"category","embeddable":true,"href":"https:\/\/www.caririemacao.com\/1\/wp-json\/wp\/v2\/categories?post=79769"},{"taxonomy":"post_tag","embeddable":true,"href":"https:\/\/www.caririemacao.com\/1\/wp-json\/wp\/v2\/tags?post=79769"}],"curies":[{"name":"wp","href":"https:\/\/api.w.org\/{rel}","templated":true}]}}