{"id":79772,"date":"2019-01-06T11:06:04","date_gmt":"2019-01-06T14:06:04","guid":{"rendered":"http:\/\/www.caririemacao.com\/1\/?p=79772"},"modified":"2019-01-06T11:06:04","modified_gmt":"2019-01-06T14:06:04","slug":"lula-afirma-que-bolsonaro-foi-eleito-para-destruir-o-pt","status":"publish","type":"post","link":"https:\/\/www.caririemacao.com\/1\/2019\/01\/06\/lula-afirma-que-bolsonaro-foi-eleito-para-destruir-o-pt\/","title":{"rendered":"Lula afirma que Bolsonaro foi eleito para destruir o PT"},"content":{"rendered":"<p>O ex-presidente Lula demonstrou estar muito preocupado com o futuro do Partido dos Trabalhadores ap\u00f3s a elei\u00e7\u00e3o do candidato do PSL, Jair Bolsonaro.<\/p>\n<p>De acordo com a colunista Daniela Lima, da Folha de S. Paulo, Lula debateu o assunto durante uma conversa que teve com a presidente do PT, Gleisi Hoffmann, e com a ex-presidente Dilma Rousseff, na \u00faltima quinta-feira(3), na carceragem da Pol\u00edcia Federal, em Curitiba.<\/p>\n<p>O petista teria dito a suas coopartid\u00e1rias que Bolsonaro n\u00e3o foi eleito para governar, mas sim para destruir advers\u00e1rios pol\u00edticos, principalmente o PT e seu legado.<\/p>\n<p>Lula tamb\u00e9m teria previsto que Bolsonaro iria endurecer seu discurso de combate \u00e0 corrup\u00e7\u00e3o e de criminaliza\u00e7\u00e3o do esquerda para &#8216;preencher o vazio&#8217; do seu governo, caso seu plano econ\u00f4mico n\u00e3o avance nos primeiros meses de mandato.<\/p>\n<p>&nbsp;<\/p>\n<p>Not\u00edcia ao Minuto<\/p>\n","protected":false},"excerpt":{"rendered":"<p>O ex-presidente Lula demonstrou estar muito preocupado com o futuro do Partido dos Trabalhadores ap\u00f3s a elei\u00e7\u00e3o do candidato do PSL, Jair Bolsonaro. De acordo&hellip; <\/p>\n","protected":false},"author":1,"featured_media":64671,"comment_status":"closed","ping_status":"closed","sticky":false,"template":"","format":"standard","meta":{"sfsi_plus_gutenberg_text_before_share":"","sfsi_plus_gutenberg_show_text_before_share":"","sfsi_plus_gutenberg_icon_type":"","sfsi_plus_gutenberg_icon_alignemt":"","sfsi_plus_gutenburg_max_per_row":"","footnotes":""},"categories":[11],"tags":[],"class_list":["post-79772","post","type-post","status-publish","format-standard","has-post-thumbnail","hentry","category-politica"],"_links":{"self":[{"href":"https:\/\/www.caririemacao.com\/1\/wp-json\/wp\/v2\/posts\/79772","targetHints":{"allow":["GET"]}}],"collection":[{"href":"https:\/\/www.caririemacao.com\/1\/wp-json\/wp\/v2\/posts"}],"about":[{"href":"https:\/\/www.caririemacao.com\/1\/wp-json\/wp\/v2\/types\/post"}],"author":[{"embeddable":true,"href":"https:\/\/www.caririemacao.com\/1\/wp-json\/wp\/v2\/users\/1"}],"replies":[{"embeddable":true,"href":"https:\/\/www.caririemacao.com\/1\/wp-json\/wp\/v2\/comments?post=79772"}],"version-history":[{"count":1,"href":"https:\/\/www.caririemacao.com\/1\/wp-json\/wp\/v2\/posts\/79772\/revisions"}],"predecessor-version":[{"id":79773,"href":"https:\/\/www.caririemacao.com\/1\/wp-json\/wp\/v2\/posts\/79772\/revisions\/79773"}],"wp:featuredmedia":[{"embeddable":true,"href":"https:\/\/www.caririemacao.com\/1\/wp-json\/wp\/v2\/media\/64671"}],"wp:attachment":[{"href":"https:\/\/www.caririemacao.com\/1\/wp-json\/wp\/v2\/media?parent=79772"}],"wp:term":[{"taxonomy":"category","embeddable":true,"href":"https:\/\/www.caririemacao.com\/1\/wp-json\/wp\/v2\/categories?post=79772"},{"taxonomy":"post_tag","embeddable":true,"href":"https:\/\/www.caririemacao.com\/1\/wp-json\/wp\/v2\/tags?post=79772"}],"curies":[{"name":"wp","href":"https:\/\/api.w.org\/{rel}","templated":true}]}}