{"id":79774,"date":"2019-01-06T11:08:57","date_gmt":"2019-01-06T14:08:57","guid":{"rendered":"http:\/\/www.caririemacao.com\/1\/?p=79774"},"modified":"2019-01-06T11:08:57","modified_gmt":"2019-01-06T14:08:57","slug":"jovem-morre-vitima-de-acidente-na-zona-rural-da-cidade-de-camalau","status":"publish","type":"post","link":"https:\/\/www.caririemacao.com\/1\/2019\/01\/06\/jovem-morre-vitima-de-acidente-na-zona-rural-da-cidade-de-camalau\/","title":{"rendered":"Jovem morre v\u00edtima de acidente na zona rural da cidade de Camala\u00fa"},"content":{"rendered":"<p>Na noite deste s\u00e1bado (05), um acidente de moto vitimou um adolescente na zona rural de Camala\u00fa no cariri paraibano.<br \/>\nSegundo informa\u00e7\u00f5es colhidas ao nosso portal, o jovem de nome Taciano voltava do s\u00edtio ro\u00e7a velha em uma motocicleta modelo pop para o S\u00edtio Lajinha zona rural do Congo. O rapaz sobrou em uma curva e caiu foi socorrido para o hospital regional de Monteiro, n\u00e3o resistiu e morreu.<\/p>\n<p>&nbsp;<\/p>\n<p>Hora1PB<\/p>\n","protected":false},"excerpt":{"rendered":"<p>Na noite deste s\u00e1bado (05), um acidente de moto vitimou um adolescente na zona rural de Camala\u00fa no cariri paraibano. Segundo informa\u00e7\u00f5es colhidas ao nosso&hellip; <\/p>\n","protected":false},"author":1,"featured_media":79775,"comment_status":"closed","ping_status":"closed","sticky":false,"template":"","format":"standard","meta":{"sfsi_plus_gutenberg_text_before_share":"","sfsi_plus_gutenberg_show_text_before_share":"","sfsi_plus_gutenberg_icon_type":"","sfsi_plus_gutenberg_icon_alignemt":"","sfsi_plus_gutenburg_max_per_row":"","footnotes":""},"categories":[50,12],"tags":[],"class_list":["post-79774","post","type-post","status-publish","format-standard","has-post-thumbnail","hentry","category-destaque","category-policia"],"_links":{"self":[{"href":"https:\/\/www.caririemacao.com\/1\/wp-json\/wp\/v2\/posts\/79774","targetHints":{"allow":["GET"]}}],"collection":[{"href":"https:\/\/www.caririemacao.com\/1\/wp-json\/wp\/v2\/posts"}],"about":[{"href":"https:\/\/www.caririemacao.com\/1\/wp-json\/wp\/v2\/types\/post"}],"author":[{"embeddable":true,"href":"https:\/\/www.caririemacao.com\/1\/wp-json\/wp\/v2\/users\/1"}],"replies":[{"embeddable":true,"href":"https:\/\/www.caririemacao.com\/1\/wp-json\/wp\/v2\/comments?post=79774"}],"version-history":[{"count":1,"href":"https:\/\/www.caririemacao.com\/1\/wp-json\/wp\/v2\/posts\/79774\/revisions"}],"predecessor-version":[{"id":79776,"href":"https:\/\/www.caririemacao.com\/1\/wp-json\/wp\/v2\/posts\/79774\/revisions\/79776"}],"wp:featuredmedia":[{"embeddable":true,"href":"https:\/\/www.caririemacao.com\/1\/wp-json\/wp\/v2\/media\/79775"}],"wp:attachment":[{"href":"https:\/\/www.caririemacao.com\/1\/wp-json\/wp\/v2\/media?parent=79774"}],"wp:term":[{"taxonomy":"category","embeddable":true,"href":"https:\/\/www.caririemacao.com\/1\/wp-json\/wp\/v2\/categories?post=79774"},{"taxonomy":"post_tag","embeddable":true,"href":"https:\/\/www.caririemacao.com\/1\/wp-json\/wp\/v2\/tags?post=79774"}],"curies":[{"name":"wp","href":"https:\/\/api.w.org\/{rel}","templated":true}]}}