{"id":79777,"date":"2019-01-06T11:23:42","date_gmt":"2019-01-06T14:23:42","guid":{"rendered":"http:\/\/www.caririemacao.com\/1\/?p=79777"},"modified":"2019-01-06T11:23:42","modified_gmt":"2019-01-06T14:23:42","slug":"e-hora-de-dar-um-tempo-nas-redes-sociais-pioneiro-do-vale-do-silicio-cita-10-motivos-para-fazer-isso","status":"publish","type":"post","link":"https:\/\/www.caririemacao.com\/1\/2019\/01\/06\/e-hora-de-dar-um-tempo-nas-redes-sociais-pioneiro-do-vale-do-silicio-cita-10-motivos-para-fazer-isso\/","title":{"rendered":"\u00c9 hora de dar um tempo nas redes sociais? Pioneiro do Vale do Sil\u00edcio cita 10 motivos para fazer isso"},"content":{"rendered":"<p>Durante a leitura de uma passagem de &#8220;Dez argumentos para voc\u00ea deletar agora suas redes sociais&#8221; me dominou um pensamento de mil\u00e9simos de segundo que poderia ser traduzido assim: &#8220;Puxa, esse trecho vale um bom post no Twitter ou no Facebook!&#8221;. Outros mil\u00e9simos depois, claro, me dei conta da flagrante contradi\u00e7\u00e3o entre esse impulso e o tema do livro. Algo como: &#8220;\u00c9, me pegaram&#8221;.<\/p>\n<div class=\"wall protected-content\">\n<div class=\"mc-column content-text active-extra-styles \" data-block-weight=\"33\" data-block-type=\"unstyled\">\n<p class=\"content-text__container \" data-track-category=\"Link no Texto\" data-track-links=\"\">O foco de &#8220;Dez argumentos&#8221; \u00e9 justamente o bombardeio constante das redes sociais nas nossas vidas e como isso est\u00e1 mudando a nossa cabe\u00e7a &#8211; para pior, na vis\u00e3o do autor Jaron Lanier.<\/p>\n<\/div>\n<div class=\"mc-column content-text active-extra-styles \" data-block-weight=\"57\" data-block-type=\"unstyled\">\n<p class=\"content-text__container \" data-track-category=\"Link no Texto\" data-track-links=\"\">O cientista da computa\u00e7\u00e3o de 58 anos \u00e9 um dos idealizadores da realidade virtual e trabalhou no aperfei\u00e7oamento das redes da internet no final dos anos 1990, entre outras credenciais que o tornam uma lenda no Vale do Sil\u00edcio. O norte-americano \u00e9 visto frequentemente com suas tran\u00e7as rastaf\u00e1ri na TV para falar sobre presente, futuro e tecnologia.<\/p>\n<\/div>\n<div class=\"mc-column content-text active-extra-styles \" data-block-weight=\"73\" data-block-type=\"unstyled\">\n<p class=\"content-text__container \" data-track-category=\"Link no Texto\" data-track-links=\"\">O livro saiu em maio nos EUA e ganhou recentemente uma edi\u00e7\u00e3o brasileira. Essa esp\u00e9cie de manifesto apareceu em um momento delicado para o Facebook: 2018 foi o pior ano para a imagem da rede ap\u00f3s uma s\u00e9rie de esc\u00e2ndalos de vazamento ou <strong>entrega <\/strong><strong>deliberada <\/strong><strong>de dados privados dos usu\u00e1rios<\/strong>, cr\u00edticas a a\u00e7\u00f5es consideradas t\u00edmidas contra a dissemina\u00e7\u00e3o das fake news e at\u00e9 <strong>a revela\u00e7\u00e3o de planos da empresa de investigar seus cr\u00edticos<\/strong>.<\/p>\n<\/div>\n<div class=\"mc-column content-text active-extra-styles \" data-block-weight=\"72\" data-block-type=\"unstyled\">\n<p class=\"content-text__container \" data-track-category=\"Link no Texto\" data-track-links=\"\">Nas cerca de 150 p\u00e1ginas do livro, Lanier se interessa mais em explorar os efeitos sobre a sa\u00fade mental de quem olha as notifica\u00e7\u00f5es v\u00e1rias vezes ao dia. Por exemplo, \u00e9 saud\u00e1vel checar ansiosamente quantos cora\u00e7\u00f5es voc\u00ea ganhou com aquela selfie ou se aquele text\u00e3o seu teve um n\u00famero decente de likes? Faz bem esse jogo de avaliar o seu sucesso pessoal pela m\u00e9trica do seu perfil no Face, Twitter ou Insta?<\/p>\n<\/div>\n<div class=\"mc-column content-text active-extra-styles\" data-block-weight=\"3\" data-block-type=\"raw\">\n<div class=\"content-intertitle\">\n<h2>\u00c9 um v\u00edcio?<\/h2>\n<\/div>\n<\/div>\n<div class=\"mc-column content-text active-extra-styles \" data-block-weight=\"70\" data-block-type=\"unstyled\">\n<p class=\"content-text__container \" data-track-category=\"Link no Texto\" data-track-links=\"\">A compara\u00e7\u00e3o das redes sociais com o potencial viciante do cigarro e o quanto pode fazer mal \u00e0 saude tem ganhado espa\u00e7o, e o escritor concorda com ela, at\u00e9 certo ponto. &#8220;Antes era permitido fumar em locais fechados e agora n\u00e3o \u00e9 mais. De fato, muitas pessoas est\u00e3o vivas por causa dessa diferen\u00e7a de percep\u00e7\u00e3o sobre os males do cigarro entre as \u00e9pocas&#8221;, afirmou, em entrevista por telefone ao <strong>G1<\/strong>.<\/p>\n<\/div>\n<div class=\"content-ads content-ads--reveal\" data-block-type=\"ads\">\n<div class=\"tag-manager-publicidade-container has-reveal has-ad-lazyload\" data-id=\"banner_materia2\"><\/div>\n<\/div>\n<div class=\"mc-column content-text active-extra-styles \" data-block-weight=\"48\" data-block-type=\"unstyled\">\n<p class=\"content-text__container \" data-track-category=\"Link no Texto\" data-track-links=\"\">&#8220;Mas, de um ponto de vista t\u00e9cnico, o uso constante de redes sociais tem mais a ver com o v\u00edcio em jogos, apostas. Ambos s\u00e3o v\u00edcios comportamentais e \u00e9 mais dif\u00edcil de se livrar deles porque, para ocorrer alguma mudan\u00e7a, voc\u00ea claramente precisa confrontar o seu pr\u00f3prio comportamento.&#8221;<\/p>\n<\/div>\n<div class=\"mc-column content-text active-extra-styles \" data-block-weight=\"73\" data-block-type=\"unstyled\">\n<p class=\"content-text__container \" data-track-category=\"Link no Texto\" data-track-links=\"\">Lanier tamb\u00e9m ressalta como um ajuste aqui e outro ali nos algoritmos podem alterar o humor de uma pessoa. &#8220;Pesquisas do pr\u00f3prio Facebook mostram que determinar quais posts aparecem na timeline tem o poder de jogar o \u00e2nimo dos usu\u00e1rios para baixo &#8211; e sem eles perceberem que isso est\u00e1 acontecendo. \u00c9 consenso na ci\u00eancia que voc\u00ea n\u00e3o consegue estar inteiramente a par do que essas ferramentas fazem para os seus processos mentais&#8221;.<\/p>\n<\/div>\n<div class=\"mc-column content-text active-extra-styles \" data-block-weight=\"9\" data-block-type=\"unstyled\">\n<p class=\"content-text__container \" data-track-category=\"Link no Texto\" data-track-links=\"\">O problema \u00e9 que \u00e9 cumulativo, diz o autor.<\/p>\n<\/div>\n<div class=\"mc-column content-text active-extra-styles\" data-block-weight=\"52\" data-block-type=\"raw\">\n<blockquote class=\"content-blockquote theme-border-color-primary-before\"><p>&#8220;Se voc\u00ea ficasse triste uma vez ou outra n\u00e3o seria t\u00e3o ruim. Mas isso acontece constantemente e, gradualmente, isso se torna o que d\u00e1 cor ao seu mundo. Com o passar do tempo h\u00e1 um efeito que se nota. Mas muitas pessoas n\u00e3o est\u00e3o percebendo agora o que est\u00e1 acontecendo com elas&#8221;.<\/p><\/blockquote>\n<\/div>\n<div class=\"row medium-uncollapsed content-media content-photo\" data-block-type=\"backstage-photo\">\n<div class=\"column medium-22 large-20 medium-centered content-media__container\">\n<div class=\"progressive-img\" data-min-size=\"1008x489\" data-min-size-url=\"https:\/\/s2.glbimg.com\/wV0-U8h9jZ6yl7WUoYCWW8zW1Uc=\/0x0:1600x777\/1008x0\/smart\/filters:strip_icc()\/i.s3.glbimg.com\/v1\/AUTH_59edd422c0c84a879bd37670ae4f538a\/internal_photos\/bs\/2018\/C\/y\/k3S3oUT0WUDRmaoNYtnw\/sair-das-redes-sociais.png\" data-max-size=\"1600x777\" data-max-size-url=\"https:\/\/s2.glbimg.com\/EyIktNFUur9Pf5PjraV6lY0Gbxs=\/0x0:1600x777\/1600x0\/smart\/filters:strip_icc()\/i.s3.glbimg.com\/v1\/AUTH_59edd422c0c84a879bd37670ae4f538a\/internal_photos\/bs\/2018\/C\/y\/k3S3oUT0WUDRmaoNYtnw\/sair-das-redes-sociais.png\">\n<div class=\"placeholder-container\"><\/div>\n<p><!-- [if IE 9]><video><![endif]--><!-- [if IE 9]><\/video><![endif]--><\/div>\n<\/div>\n<\/div>\n<div class=\"mc-column content-text active-extra-styles\" data-block-weight=\"2\" data-block-type=\"raw\">\n<div class=\"content-intertitle\">\n<h2>O processo<\/h2>\n<\/div>\n<\/div>\n<div class=\"mc-column content-text active-extra-styles \" data-block-weight=\"31\" data-block-type=\"unstyled\">\n<p class=\"content-text__container \" data-track-category=\"Link no Texto\" data-track-links=\"\">Lanier explica que a gangorra emocional (uma hora posts que te deixam feliz, outra hora, com raiva) \u00e9 uma forma de aumentar o &#8220;engajamento&#8221; (ou v\u00edcio) do usu\u00e1rio nas redes sociais.<\/p>\n<\/div>\n<div class=\"content-ads content-ads--reveal\" data-block-type=\"ads\">\n<div class=\"tag-manager-publicidade-container has-reveal has-ad-lazyload\" data-id=\"banner_materia__49dff2e35b6e480f94b79b188344feca\"><\/div>\n<\/div>\n<div class=\"mc-column content-text active-extra-styles \" data-block-weight=\"22\" data-block-type=\"unstyled\">\n<p class=\"content-text__container \" data-track-category=\"Link no Texto\" data-track-links=\"\">Outro elemento no processo \u00e9 a eleva\u00e7\u00e3o dos n\u00edveis de dopamina, um neurotransmissor ligado ao prazer, por causa de likes e intera\u00e7\u00f5es.<\/p>\n<\/div>\n<div class=\"mc-column content-text active-extra-styles \" data-block-weight=\"62\" data-block-type=\"unstyled\">\n<p class=\"content-text__container \" data-track-category=\"Link no Texto\" data-track-links=\"\">E a\u00ed entra a aleatoriedade: d\u00e1 para fazer uma ideia, mas n\u00e3o se sabe exatamente quando voc\u00ea vai receber os likes de recompensa (o famoso &#8220;biscoito&#8221;, como a internet brasileira refraseou) e em que quantidade. Seu cer\u00e9bro, no entanto, tenta encontrar um padr\u00e3o de funcionamento desse processo. \u00c9 a\u00ed que o escritor afirma que voc\u00ea est\u00e1 tentando se ajustar a uma ilus\u00e3o.<\/p>\n<\/div>\n<div class=\"mc-column content-text active-extra-styles\" data-block-weight=\"31\" data-block-type=\"raw\">\n<blockquote class=\"content-blockquote theme-border-color-primary-before\"><p>E tudo isso, descreve o cientista da computa\u00e7\u00e3o, est\u00e1 a servi\u00e7o de tentar descobrir em qual estado emocional o usu\u00e1rio tende a clicar nos an\u00fancios nas redes. E, quem sabe, comprar.<\/p><\/blockquote>\n<\/div>\n<div class=\"row medium-uncollapsed content-media content-photo\" data-block-type=\"backstage-photo\">\n<div class=\"mc-column content-media__container\">\n<p class=\"content-media__description \">Jaron Lanier, autor de &#8216;Dez argumentos para voc\u00ea deletar agora suas redes sociais&#8217; \u2014 Foto: Divulga\u00e7\u00e3o<\/p>\n<\/div>\n<\/div>\n<div class=\"mc-column content-text active-extra-styles \" data-block-weight=\"34\" data-block-type=\"unstyled\">\n<p class=\"content-text__container \" data-track-category=\"Link no Texto\" data-track-links=\"\">Lanier adota um tom bem informal durante o livro, de &#8220;conversa&#8221;, em que lembra diversas vezes que n\u00e3o quer dar li\u00e7\u00f5es de moral e \u00e9 somente o leitor quem pode mudar a pr\u00f3pria vida.<\/p>\n<\/div>\n<div class=\"mc-column content-text active-extra-styles\" data-block-weight=\"47\" data-block-type=\"raw\">\n<blockquote class=\"content-blockquote theme-border-color-primary-before\"><p>&#8220;Eu aponto argumentos para deletar seus perfis nas redes sociais, mas eu na verdade n\u00e3o digo que voc\u00ea <em>deve<\/em> fazer isso. S\u00f3 voc\u00ea pode saber o que \u00e9 o melhor para sua vida. Eu n\u00e3o estou fingindo saber isso. N\u00e3o sou pai nem juiz de ningu\u00e9m&#8221;, escreve.<\/p><\/blockquote>\n<\/div>\n<div class=\"mc-column content-text active-extra-styles \" data-block-weight=\"42\" data-block-type=\"unstyled\">\n<p class=\"content-text__container \" data-track-category=\"Link no Texto\" data-track-links=\"\">&#8220;Mas eu acho que \u00e9 preciso experimentar passar um tempo fora das redes sociais para descobrir se isso faz uma diferen\u00e7a na sua vida. Pesquisas dizem que pessoas que apagam seus perfis se tornam mais felizes, mais produtivas, saud\u00e1veis e menos solit\u00e1rias.&#8221;<\/p>\n<\/div>\n<div class=\"content-ads content-ads--reveal\" data-block-type=\"ads\">\n<div class=\"tag-manager-publicidade-container has-reveal has-ad-lazyload\" data-id=\"banner_materia__be5d03b221614ba3b0d52dc3461809eb\"><\/div>\n<\/div>\n<div class=\"mc-column content-text active-extra-styles\" data-block-weight=\"5\" data-block-type=\"raw\">\n<div class=\"content-intertitle\">\n<h2>Fa\u00e7a o que eu digo&#8230;<\/h2>\n<\/div>\n<\/div>\n<div class=\"mc-column content-text active-extra-styles \" data-block-weight=\"41\" data-block-type=\"unstyled\">\n<p class=\"content-text__container \" data-track-category=\"Link no Texto\" data-track-links=\"\">Atualmente Lanier trabalha numa \u00e1rea de pesquisa da Microsoft que passa por f\u00edsica, matem\u00e1tica, economia e, claro, realidade virtual. Mas, afinal, n\u00e3o \u00e9 suspeito algu\u00e9m da Microsoft disparando contra outros gigantes do Vale do Sil\u00edcio, que s\u00e3o de alguma forma rivais?<\/p>\n<\/div>\n<div class=\"mc-column content-text active-extra-styles\" data-block-weight=\"43\" data-block-type=\"raw\">\n<blockquote class=\"content-blockquote theme-border-color-primary-before\"><p>&#8220;Quando eu atuo como um escritor diante do p\u00fablico eu n\u00e3o estou representando a Microsoft. Ali\u00e1s, eu tenho uma carta deles que me permite criticar a empresa se considero apropriado. E, na verdade, falo algumas coisas que horrorizam as pessoas de l\u00e1 [risos].&#8221;<\/p><\/blockquote>\n<\/div>\n<div class=\"mc-column content-text active-extra-styles \" data-block-weight=\"34\" data-block-type=\"unstyled\">\n<p class=\"content-text__container \" data-track-category=\"Link no Texto\" data-track-links=\"\">Lanier, obviamente, n\u00e3o tem perfil no Facebook, Twitter e Instagram ou outros. E como algu\u00e9m que n\u00e3o est\u00e1 no dia a dia vivendo as redes sociais pode ter uma real dimens\u00e3o de seus efeitos?<\/p>\n<\/div>\n<div data-track-category=\"multicontent\" data-track-action=\"ultimo chunk conteudo\" data-track-noninteraction=\"false\" data-track-scroll=\"view\">\n<div class=\"mc-column content-text active-extra-styles \" data-block-weight=\"83\" data-block-type=\"unstyled\">\n<p class=\"content-text__container \" data-track-category=\"Link no Texto\" data-track-links=\"\">&#8220;Eu conhe\u00e7o a maioria das pessoas que est\u00e3o nessas empresas, desde quando elas estavam come\u00e7ando. Sou parte desse mundo. Fiz parte de tudo isso no come\u00e7o [se refere ao Vale do Sil\u00edcio], ent\u00e3o falo por ter uma experi\u00eancia direta. Imagine algu\u00e9m que trabalhou com apostas ou num cassino. Ela conhece todos os truques para deixar as pessoas viciadas e, de repente, come\u00e7a a achar tudo isso terr\u00edvel e resolve escrever um livro. \u00c9 o relato de algu\u00e9m que conhece o funcionamento de dentro.&#8221;<\/p>\n<\/div>\n<p data-track-category=\"Link no Texto\" data-track-links=\"\">\n<p data-track-category=\"Link no Texto\" data-track-links=\"\">G1<\/p>\n<\/div>\n<\/div>\n","protected":false},"excerpt":{"rendered":"<p>Durante a leitura de uma passagem de &#8220;Dez argumentos para voc\u00ea deletar agora suas redes sociais&#8221; me dominou um pensamento de mil\u00e9simos de segundo que&hellip; <\/p>\n","protected":false},"author":1,"featured_media":79778,"comment_status":"closed","ping_status":"closed","sticky":false,"template":"","format":"standard","meta":{"sfsi_plus_gutenberg_text_before_share":"","sfsi_plus_gutenberg_show_text_before_share":"","sfsi_plus_gutenberg_icon_type":"","sfsi_plus_gutenberg_icon_alignemt":"","sfsi_plus_gutenburg_max_per_row":"","footnotes":""},"categories":[50,2],"tags":[],"class_list":["post-79777","post","type-post","status-publish","format-standard","has-post-thumbnail","hentry","category-destaque","category-geral"],"_links":{"self":[{"href":"https:\/\/www.caririemacao.com\/1\/wp-json\/wp\/v2\/posts\/79777","targetHints":{"allow":["GET"]}}],"collection":[{"href":"https:\/\/www.caririemacao.com\/1\/wp-json\/wp\/v2\/posts"}],"about":[{"href":"https:\/\/www.caririemacao.com\/1\/wp-json\/wp\/v2\/types\/post"}],"author":[{"embeddable":true,"href":"https:\/\/www.caririemacao.com\/1\/wp-json\/wp\/v2\/users\/1"}],"replies":[{"embeddable":true,"href":"https:\/\/www.caririemacao.com\/1\/wp-json\/wp\/v2\/comments?post=79777"}],"version-history":[{"count":1,"href":"https:\/\/www.caririemacao.com\/1\/wp-json\/wp\/v2\/posts\/79777\/revisions"}],"predecessor-version":[{"id":79779,"href":"https:\/\/www.caririemacao.com\/1\/wp-json\/wp\/v2\/posts\/79777\/revisions\/79779"}],"wp:featuredmedia":[{"embeddable":true,"href":"https:\/\/www.caririemacao.com\/1\/wp-json\/wp\/v2\/media\/79778"}],"wp:attachment":[{"href":"https:\/\/www.caririemacao.com\/1\/wp-json\/wp\/v2\/media?parent=79777"}],"wp:term":[{"taxonomy":"category","embeddable":true,"href":"https:\/\/www.caririemacao.com\/1\/wp-json\/wp\/v2\/categories?post=79777"},{"taxonomy":"post_tag","embeddable":true,"href":"https:\/\/www.caririemacao.com\/1\/wp-json\/wp\/v2\/tags?post=79777"}],"curies":[{"name":"wp","href":"https:\/\/api.w.org\/{rel}","templated":true}]}}