{"id":79783,"date":"2019-01-06T11:27:05","date_gmt":"2019-01-06T14:27:05","guid":{"rendered":"http:\/\/www.caririemacao.com\/1\/?p=79783"},"modified":"2019-01-06T11:27:05","modified_gmt":"2019-01-06T14:27:05","slug":"concursos-17-orgaos-abrem-inscricoes-para-mais-de-1-600-vagas-nesta-segunda","status":"publish","type":"post","link":"https:\/\/www.caririemacao.com\/1\/2019\/01\/06\/concursos-17-orgaos-abrem-inscricoes-para-mais-de-1-600-vagas-nesta-segunda\/","title":{"rendered":"Concursos: 17 \u00f3rg\u00e3os abrem inscri\u00e7\u00f5es para mais de 1.600 vagas nesta segunda"},"content":{"rendered":"<p>Pelo menos 17 \u00f3rg\u00e3os abrem as inscri\u00e7\u00f5es nesta segunda-feira (7) para mais de 1.600 vagas em cargos de todos os n\u00edveis de escolaridade. No concurso da Prefeitura de S\u00e3o Jo\u00e3o da Fronteira (PI), os sal\u00e1rios chegam a R$ 10 mil para m\u00e9dicos.<\/p>\n<div class=\"wall protected-content\">\n<div class=\"mc-column content-text active-extra-styles \" data-block-weight=\"29\" data-block-type=\"unstyled\">\n<p class=\"content-text__container \" data-track-category=\"Link no Texto\" data-track-links=\"\">As oportundiades oferecidas incluem vagas para forma\u00e7\u00e3o de cadastro de reserva \u2013 ou seja, os candidatos aprovados s\u00e3o chamados conforme a abertura de vagas durante a validade do concurso.<\/p>\n<\/div>\n<div class=\"mc-column content-text active-extra-styles \" data-block-weight=\"6\" data-block-type=\"unstyled\">\n<p class=\"content-text__container \" data-track-category=\"Link no Texto\" data-track-links=\"\"><a href=\"http:\/\/especiais.g1.globo.com\/economia\/concursos-e-emprego\/lista-de-concursos-publicos-e-vagas-de-emprego\/\" target=\"_blank\" rel=\"noopener\"><strong>CONFIRA A LISTA COMPLETA DE CONCURSOS<\/strong><\/a><\/p>\n<\/div>\n<div class=\"mc-column content-text active-extra-styles \" data-block-weight=\"7\" data-block-type=\"unstyled\">\n<p class=\"content-text__container \" data-track-category=\"Link no Texto\" data-track-links=\"\">Veja abaixo os detalhes de cada concurso:<\/p>\n<\/div>\n<div class=\"mc-column content-text active-extra-styles\" data-block-weight=\"4\" data-block-type=\"raw\">\n<div class=\"content-intertitle\">\n<h2>Prefeitura de Tef\u00e9 (AM)<\/h2>\n<\/div>\n<\/div>\n<div class=\"mc-column content-text active-extra-styles\" data-block-weight=\"17\" data-block-type=\"raw\">\n<ul class=\"content-unordered-list\">\n<li>Inscri\u00e7\u00f5es: at\u00e9 11\/01\/2019<\/li>\n<li>Vagas: 689<\/li>\n<li>Sal\u00e1rios de at\u00e9 R$ 1.244,00<\/li>\n<li>Cargos de n\u00edvel superior<\/li>\n<li><a href=\"https:\/\/www.coqueiral.mg.gov.br\/concursos\/concurso\/processo_seletivo_simplificado-4\" target=\"_blank\" rel=\"noopener\"><strong>Veja o edital<\/strong><\/a><\/li>\n<\/ul>\n<\/div>\n<div class=\"mc-column content-text active-extra-styles\" data-block-weight=\"4\" data-block-type=\"raw\">\n<div class=\"content-intertitle\">\n<h2>Prefeitura de Coqueiral (MG)<\/h2>\n<\/div>\n<\/div>\n<div class=\"mc-column content-text active-extra-styles\" data-block-weight=\"17\" data-block-type=\"raw\">\n<ul class=\"content-unordered-list\">\n<li>Inscri\u00e7\u00f5es: at\u00e9 11\/01\/2019<\/li>\n<li>Vagas: 13<\/li>\n<li>Sal\u00e1rios de at\u00e9 R$ 9.153,66<\/li>\n<li>Cargos de n\u00edvel m\u00e9dio<\/li>\n<li><a href=\"https:\/\/www.coqueiral.mg.gov.br\/concursos\/concurso\/processo_seletivo_simplificado-4\" target=\"_blank\" rel=\"noopener\"><strong>Veja o edital<\/strong><\/a><\/li>\n<\/ul>\n<\/div>\n<div class=\"mc-column content-text active-extra-styles\" data-block-weight=\"5\" data-block-type=\"raw\">\n<div class=\"content-intertitle\">\n<h2>Prefeitura de Campo Bom (RS)<\/h2>\n<\/div>\n<\/div>\n<div class=\"mc-column content-text active-extra-styles\" data-block-weight=\"19\" data-block-type=\"raw\">\n<ul class=\"content-unordered-list\">\n<li>Inscri\u00e7\u00f5es: at\u00e9 11\/01\/2019<\/li>\n<li>Vagas: 88<\/li>\n<li>Sal\u00e1rios de at\u00e9 R$ 3.336,07<\/li>\n<li>Cargos de n\u00edvel m\u00e9dio e superior<\/li>\n<li><a href=\"http:\/\/novo.campobom.rs.gov.br\/dados\/concursos\/00974fdda344c94024c924f5536bc6a3.pdf\" target=\"_blank\" rel=\"noopener\"><strong>Veja o edital<\/strong><\/a><\/li>\n<\/ul>\n<\/div>\n<div class=\"mc-column content-text active-extra-styles\" data-block-weight=\"4\" data-block-type=\"raw\">\n<div class=\"content-intertitle\">\n<h2>Prefeitura de Cotipor\u00e3 (RS)<\/h2>\n<\/div>\n<\/div>\n<div class=\"mc-column content-text active-extra-styles\" data-block-weight=\"17\" data-block-type=\"raw\">\n<ul class=\"content-unordered-list\">\n<li>Inscri\u00e7\u00f5es: at\u00e9 11\/01\/2019<\/li>\n<li>Vagas: 16<\/li>\n<li>Sal\u00e1rios de at\u00e9 R$ 1.747,24<\/li>\n<li>Cargos de n\u00edvel superior<\/li>\n<li><a href=\"https:\/\/www.cotipora.rs.gov.br\/index.php\/educacao\/6021-municipio-de-cotipora-contrata-professores.html\" target=\"_blank\" rel=\"noopener\"><strong>Veja o edital<\/strong><\/a><\/li>\n<\/ul>\n<\/div>\n<div class=\"mc-column content-text active-extra-styles\" data-block-weight=\"4\" data-block-type=\"raw\">\n<div class=\"content-intertitle\">\n<h2>Prefeitura de Coari (AM)<\/h2>\n<\/div>\n<\/div>\n<div class=\"mc-column content-text active-extra-styles\" data-block-weight=\"17\" data-block-type=\"raw\">\n<ul class=\"content-unordered-list\">\n<li>Inscri\u00e7\u00f5es: at\u00e9 11\/01\/2019<\/li>\n<li>Vagas: 341<\/li>\n<li>Sal\u00e1rios de at\u00e9 R$ 2.028,00<\/li>\n<li>Cargos de n\u00edvel superior<\/li>\n<li><a href=\"https:\/\/g1.globo.com\/am\/amazonas\/noticia\/2018\/12\/31\/prefeitura-de-coari-lanca-processo-seletivo-com-341-vagas-para-contratacao-temporaria.ghtml\"><strong>Veja o edital<\/strong><\/a><\/li>\n<\/ul>\n<\/div>\n<div class=\"mc-column content-text active-extra-styles\" data-block-weight=\"4\" data-block-type=\"raw\">\n<div class=\"content-intertitle\">\n<h2>Prefeitura de Cl\u00e1udia (MT)<\/h2>\n<\/div>\n<\/div>\n<div class=\"mc-column content-text active-extra-styles\" data-block-weight=\"20\" data-block-type=\"raw\">\n<ul class=\"content-unordered-list\">\n<li>Inscri\u00e7\u00f5es: at\u00e9 17\/01\/2019<\/li>\n<li>Vagas: 36<\/li>\n<li>Sal\u00e1rios de at\u00e9 R$ 3.684,02<\/li>\n<li>Cargos de n\u00edvel fundamental, m\u00e9dio e superior<\/li>\n<li><a href=\"https:\/\/portal.claudia.mt.gov.br\/prefeitura-de-claudia-abre-processo-seletivo-com-salario-de-ate-r-36-mil\/\" target=\"_blank\" rel=\"noopener\"><strong>Veja o edital<\/strong><\/a><\/li>\n<\/ul>\n<\/div>\n<div class=\"mc-column content-text active-extra-styles\" data-block-weight=\"5\" data-block-type=\"raw\">\n<div class=\"content-intertitle\">\n<h2>Prefeitura de Santa Margarida (MG)<\/h2>\n<\/div>\n<\/div>\n<div class=\"mc-column content-text active-extra-styles\" data-block-weight=\"16\" data-block-type=\"raw\">\n<ul class=\"content-unordered-list\">\n<li>Inscri\u00e7\u00f5es: at\u00e9 18\/01\/2019<\/li>\n<li>Vagas: 24<\/li>\n<li>Sal\u00e1rios de R$ 1.014,00<\/li>\n<li>Cargos de n\u00edvel m\u00e9dio<\/li>\n<li><a href=\"http:\/\/santamargarida.mg.gov.br\/docs\/EDITAL%20DE%20PROCESSO%20SELETIVO%20SIMPLIFICADO%20001%202018.pdf\" target=\"_blank\" rel=\"noopener\"><strong>Veja o edital<\/strong><\/a><\/li>\n<\/ul>\n<\/div>\n<div class=\"mc-column content-text active-extra-styles\" data-block-weight=\"4\" data-block-type=\"raw\">\n<div class=\"content-intertitle\">\n<h2>Prefeitura de Araripe (CE)<\/h2>\n<\/div>\n<\/div>\n<div class=\"mc-column content-text active-extra-styles\" data-block-weight=\"20\" data-block-type=\"raw\">\n<ul class=\"content-unordered-list\">\n<li>Inscri\u00e7\u00f5es: at\u00e9 21\/01\/2019<\/li>\n<li>Vagas: 143<\/li>\n<li>Sal\u00e1rios de at\u00e9 R$ 2.547,88<\/li>\n<li>Cargos de n\u00edvel fundamental, m\u00e9dio e superior<\/li>\n<li><a href=\"http:\/\/universidadepatativa.com\/concurso\/ce\/araripe\/001.2018\/EDITAL.pdf\" target=\"_blank\" rel=\"noopener\"><strong>Veja o edital<\/strong><\/a><\/li>\n<\/ul>\n<\/div>\n<div class=\"mc-column content-text active-extra-styles\" data-block-weight=\"7\" data-block-type=\"raw\">\n<div class=\"content-intertitle\">\n<h2>Prefeitura de S\u00e3o Jo\u00e3o da Fronteira (PI)<\/h2>\n<\/div>\n<\/div>\n<div class=\"mc-column content-text active-extra-styles\" data-block-weight=\"20\" data-block-type=\"raw\">\n<ul class=\"content-unordered-list\">\n<li>Inscri\u00e7\u00f5es: at\u00e9 28\/01\/2019<\/li>\n<li>Vagas: 20<\/li>\n<li>Sal\u00e1rios de at\u00e9 R$ 10.000,00<\/li>\n<li>Cargos de n\u00edvel m\u00e9dio, t\u00e9cnico e superior<\/li>\n<li><a href=\"http:\/\/www.institutolegatus.com.br\/concurso.php?concurso_id=25\" target=\"_blank\" rel=\"noopener\"><strong>Veja o edital<\/strong><\/a><\/li>\n<\/ul>\n<\/div>\n<div class=\"mc-column content-text active-extra-styles\" data-block-weight=\"5\" data-block-type=\"raw\">\n<div class=\"content-intertitle\">\n<h2>C\u00e2mara Municipal de Guaxup\u00e9 (MG)<\/h2>\n<\/div>\n<\/div>\n<div class=\"mc-column content-text active-extra-styles\" data-block-weight=\"20\" data-block-type=\"raw\">\n<ul class=\"content-unordered-list\">\n<li>Inscri\u00e7\u00f5es: at\u00e9 07\/02\/2019<\/li>\n<li>Vagas: 8<\/li>\n<li>Sal\u00e1rios de at\u00e9 R$ 2.883,33<\/li>\n<li>Cargos de n\u00edvel fundamental, m\u00e9dio e superior<\/li>\n<li><a href=\"https:\/\/www.institutomais.org.br\/Concursos\/Detalhe\/291\" target=\"_blank\" rel=\"noopener\"><strong>Veja o edital<\/strong><\/a><\/li>\n<\/ul>\n<\/div>\n<div class=\"mc-column content-text active-extra-styles\" data-block-weight=\"10\" data-block-type=\"raw\">\n<div class=\"content-intertitle\">\n<h2>Departamento Municipal de \u00c1gua e Esgoto de Campo Belo (MG)<\/h2>\n<\/div>\n<\/div>\n<div class=\"mc-column content-text active-extra-styles\" data-block-weight=\"16\" data-block-type=\"raw\">\n<ul class=\"content-unordered-list\">\n<li>Inscri\u00e7\u00f5es: at\u00e9 07\/02\/2019<\/li>\n<li>Vagas: 30<\/li>\n<li>Sal\u00e1rios de R$ 987,00<\/li>\n<li>Cargos de n\u00edvel fundamental<\/li>\n<li><a href=\"https:\/\/www.gestaodeconcursos.com.br\/site\/site\/DetalheConcurso.aspx?CodigoConcurso=1250\" target=\"_blank\" rel=\"noopener\"><strong>Veja o edital<\/strong><\/a><\/li>\n<\/ul>\n<\/div>\n<div class=\"mc-column content-text active-extra-styles\" data-block-weight=\"4\" data-block-type=\"raw\">\n<div class=\"content-intertitle\">\n<h2>Prefeitura de Suzano (SP)<\/h2>\n<\/div>\n<\/div>\n<div class=\"content-ads content-ads--reveal\" data-block-type=\"ads\"><\/div>\n<div class=\"mc-column content-text active-extra-styles\" data-block-weight=\"20\" data-block-type=\"raw\">\n<ul class=\"content-unordered-list\">\n<li>Inscri\u00e7\u00f5es: at\u00e9 07\/02\/2019<\/li>\n<li>Vagas: 70<\/li>\n<li>Sal\u00e1rios de at\u00e9 R$ 8.427,36<\/li>\n<li>Cargos de n\u00edvel fundamental, m\u00e9dio e superior<\/li>\n<li><a href=\"https:\/\/www.vunesp.com.br\/PMSZ1804\" target=\"_blank\" rel=\"noopener\"><strong>Veja o edital<\/strong><\/a><\/li>\n<\/ul>\n<\/div>\n<div class=\"mc-column content-text active-extra-styles\" data-block-weight=\"5\" data-block-type=\"raw\">\n<div class=\"content-intertitle\">\n<h2>Prefeitura de Coronel Macedo (SP)<\/h2>\n<\/div>\n<\/div>\n<div class=\"mc-column content-text active-extra-styles\" data-block-weight=\"19\" data-block-type=\"raw\">\n<ul class=\"content-unordered-list\">\n<li>Inscri\u00e7\u00f5es: at\u00e9 21\/01\/2019<\/li>\n<li>Vagas: 23<\/li>\n<li>Sal\u00e1rios de at\u00e9 R$ 4.070,26<\/li>\n<li>Cargos de n\u00edvel m\u00e9dio e superior<\/li>\n<li><a href=\"http:\/\/www.omconsultoria.com.br\/informacoes-concurso\/408-prefeitura-municipal-de-coronel-macedoconcurso-pAAblico\" target=\"_blank\" rel=\"noopener\"><strong>Veja o edital<\/strong><\/a><\/li>\n<\/ul>\n<\/div>\n<div class=\"mc-column content-text active-extra-styles\" data-block-weight=\"6\" data-block-type=\"raw\">\n<div class=\"content-intertitle\">\n<h2>Universidade Federal de Minas Gerais (UFMG)<\/h2>\n<\/div>\n<\/div>\n<div class=\"mc-column content-text active-extra-styles\" data-block-weight=\"19\" data-block-type=\"raw\">\n<ul class=\"content-unordered-list\">\n<li>Inscri\u00e7\u00f5es: at\u00e9 31\/01\/2019<\/li>\n<li>Vagas: 29<\/li>\n<li>Sal\u00e1rios de at\u00e9 R$ 4.180,66<\/li>\n<li>Cargos de n\u00edvel m\u00e9dio e superior<\/li>\n<li><a href=\"https:\/\/www2.ufmg.br\/concursos\" target=\"_blank\" rel=\"noopener\"><strong>Veja o edital<\/strong><\/a><\/li>\n<\/ul>\n<\/div>\n<div class=\"mc-column content-text active-extra-styles\" data-block-weight=\"7\" data-block-type=\"raw\">\n<div class=\"content-intertitle\">\n<h2>Prefeitura de Santo Ant\u00f4nio do Monte (MG)<\/h2>\n<\/div>\n<\/div>\n<div class=\"mc-column content-text active-extra-styles\" data-block-weight=\"20\" data-block-type=\"raw\">\n<ul class=\"content-unordered-list\">\n<li>Inscri\u00e7\u00f5es: at\u00e9 11\/01\/2019<\/li>\n<li>Vagas: 22<\/li>\n<li>Sal\u00e1rios de at\u00e9 R$ 2.841,00<\/li>\n<li>Cargos de n\u00edvel fundamental, m\u00e9dio e superior<\/li>\n<li><a href=\"https:\/\/samonte.mg.gov.br\/arquivo\/concursos-e-processos-seletivos\" target=\"_blank\" rel=\"noopener\"><strong>Veja o edital<\/strong><\/a><\/li>\n<\/ul>\n<\/div>\n<div class=\"mc-column content-text active-extra-styles\" data-block-weight=\"5\" data-block-type=\"raw\">\n<div class=\"content-intertitle\">\n<h2>Funda\u00e7\u00e3o Universidade de Bras\u00edlia (FUB)<\/h2>\n<\/div>\n<\/div>\n<div class=\"mc-column content-text active-extra-styles\" data-block-weight=\"16\" data-block-type=\"raw\">\n<ul class=\"content-unordered-list\">\n<li>Inscri\u00e7\u00f5es: at\u00e9 31\/01\/2019<\/li>\n<li>Vagas: 6<\/li>\n<li>Sal\u00e1rios de R$ 4.180,66<\/li>\n<li>Cargos de n\u00edvel superior<\/li>\n<li><a href=\"http:\/\/www.concursos.unb.br\/index.php\/concursos-tecnico\" target=\"_blank\" rel=\"noopener\"><strong>Veja o edital<\/strong><\/a><\/li>\n<\/ul>\n<\/div>\n<div class=\"mc-column content-text active-extra-styles\" data-block-weight=\"5\" data-block-type=\"raw\">\n<div class=\"content-intertitle\">\n<h2>Prefeitura de Laguna Carap\u00e3 (MS)<\/h2>\n<\/div>\n<\/div>\n<div data-track-category=\"multicontent\" data-track-action=\"ultimo chunk conteudo\" data-track-noninteraction=\"false\" data-track-scroll=\"view\">\n<div class=\"mc-column content-text active-extra-styles\" data-block-weight=\"20\" data-block-type=\"raw\">\n<ul class=\"content-unordered-list\">\n<li>Inscri\u00e7\u00f5es: at\u00e9 09\/01\/2019<\/li>\n<li>Vagas: 59<\/li>\n<li>Sal\u00e1rios de at\u00e9 R$ 4.124,26<\/li>\n<li>Cargos de n\u00edvel fundamental, m\u00e9dio e superior<\/li>\n<li><a href=\"http:\/\/lagunacarapa.ms.gov.br\/\" target=\"_blank\" rel=\"noopener\"><strong>Veja o edital<\/strong><\/a><\/li>\n<\/ul>\n<\/div>\n<\/div>\n<\/div>\n","protected":false},"excerpt":{"rendered":"<p>Pelo menos 17 \u00f3rg\u00e3os abrem as inscri\u00e7\u00f5es nesta segunda-feira (7) para mais de 1.600 vagas em cargos de todos os n\u00edveis de escolaridade. No concurso&hellip; <\/p>\n","protected":false},"author":1,"featured_media":68227,"comment_status":"closed","ping_status":"closed","sticky":false,"template":"","format":"standard","meta":{"sfsi_plus_gutenberg_text_before_share":"","sfsi_plus_gutenberg_show_text_before_share":"","sfsi_plus_gutenberg_icon_type":"","sfsi_plus_gutenberg_icon_alignemt":"","sfsi_plus_gutenburg_max_per_row":"","footnotes":""},"categories":[50,2],"tags":[],"class_list":["post-79783","post","type-post","status-publish","format-standard","has-post-thumbnail","hentry","category-destaque","category-geral"],"_links":{"self":[{"href":"https:\/\/www.caririemacao.com\/1\/wp-json\/wp\/v2\/posts\/79783","targetHints":{"allow":["GET"]}}],"collection":[{"href":"https:\/\/www.caririemacao.com\/1\/wp-json\/wp\/v2\/posts"}],"about":[{"href":"https:\/\/www.caririemacao.com\/1\/wp-json\/wp\/v2\/types\/post"}],"author":[{"embeddable":true,"href":"https:\/\/www.caririemacao.com\/1\/wp-json\/wp\/v2\/users\/1"}],"replies":[{"embeddable":true,"href":"https:\/\/www.caririemacao.com\/1\/wp-json\/wp\/v2\/comments?post=79783"}],"version-history":[{"count":1,"href":"https:\/\/www.caririemacao.com\/1\/wp-json\/wp\/v2\/posts\/79783\/revisions"}],"predecessor-version":[{"id":79784,"href":"https:\/\/www.caririemacao.com\/1\/wp-json\/wp\/v2\/posts\/79783\/revisions\/79784"}],"wp:featuredmedia":[{"embeddable":true,"href":"https:\/\/www.caririemacao.com\/1\/wp-json\/wp\/v2\/media\/68227"}],"wp:attachment":[{"href":"https:\/\/www.caririemacao.com\/1\/wp-json\/wp\/v2\/media?parent=79783"}],"wp:term":[{"taxonomy":"category","embeddable":true,"href":"https:\/\/www.caririemacao.com\/1\/wp-json\/wp\/v2\/categories?post=79783"},{"taxonomy":"post_tag","embeddable":true,"href":"https:\/\/www.caririemacao.com\/1\/wp-json\/wp\/v2\/tags?post=79783"}],"curies":[{"name":"wp","href":"https:\/\/api.w.org\/{rel}","templated":true}]}}