{"id":79840,"date":"2019-01-07T06:09:42","date_gmt":"2019-01-07T09:09:42","guid":{"rendered":"http:\/\/www.caririemacao.com\/1\/?p=79840"},"modified":"2019-01-07T06:09:42","modified_gmt":"2019-01-07T09:09:42","slug":"faustao-desabafa-na-globo-e-fala-sobre-idiota-que-esta-la","status":"publish","type":"post","link":"https:\/\/www.caririemacao.com\/1\/2019\/01\/07\/faustao-desabafa-na-globo-e-fala-sobre-idiota-que-esta-la\/","title":{"rendered":"Faust\u00e3o desabafa na Globo e fala sobre \u2018idiota que est\u00e1 l\u00e1\u2019"},"content":{"rendered":"<p>Fausto Silva desabafou sobre pol\u00edtica no \u201cDoming\u00e3o do Faust\u00e3o\u201d exibido neste domingo (6), na Rede Globo. Sem citar nomes, o apresentador falou sobre \u201cum idiota que est\u00e1 ferrando com todo mundo\u201d e \u201cnovos ares\u201d ap\u00f3s a atriz Sophie Charlotte defender a Amaz\u00f4nia e o Carnaval brasileiros.<\/p>\n<p>\u201cO brasileiro, na hora do Carnaval e na hora sele\u00e7\u00e3o, n\u00f3s sabemos muito bem, \u00e9 um povo que tem uni\u00e3o, tem solidariedade, tem uma integra\u00e7\u00e3o. Por que isso n\u00e3o acontece nas coisas s\u00e9rias?\u201d, questionou.<\/p>\n<p>\u201cLutar pela educa\u00e7\u00e3o, por sa\u00fade p\u00fablica, contra a corrup\u00e7\u00e3o, contra a incompet\u00eancia, que \u00e9 uma forma de corrup\u00e7\u00e3o. O imbecil que est\u00e1 l\u00e1 -e n\u00e3o devia estar- pode at\u00e9 ser honesto, mas \u00e9 um idiota que est\u00e1 e est\u00e1 ferrando com todo mundo. Voc\u00ea paga imposto, o que voc\u00ea recebe? Vamos ver se esses novos ares v\u00e3o mudar, tem que rezar para dar certo\u201d, completou o apresentador.<\/p>\n<p>A possibilidade de o recado ser destinado ao rec\u00e9m-eleito presidente da rep\u00fablica Jair Bolsonaro al\u00e7ou rapidamente o nome de Fausto Silva ao primeiro lugar dos assuntos mais comentados no Twitter.<\/p>\n<p>&nbsp;<\/p>\n<p>Folha Press<\/p>\n","protected":false},"excerpt":{"rendered":"<p>Fausto Silva desabafou sobre pol\u00edtica no \u201cDoming\u00e3o do Faust\u00e3o\u201d exibido neste domingo (6), na Rede Globo. Sem citar nomes, o apresentador falou sobre \u201cum idiota&hellip; <\/p>\n","protected":false},"author":1,"featured_media":79841,"comment_status":"closed","ping_status":"closed","sticky":false,"template":"","format":"standard","meta":{"sfsi_plus_gutenberg_text_before_share":"","sfsi_plus_gutenberg_show_text_before_share":"","sfsi_plus_gutenberg_icon_type":"","sfsi_plus_gutenberg_icon_alignemt":"","sfsi_plus_gutenburg_max_per_row":"","footnotes":""},"categories":[11],"tags":[],"class_list":["post-79840","post","type-post","status-publish","format-standard","has-post-thumbnail","hentry","category-politica"],"_links":{"self":[{"href":"https:\/\/www.caririemacao.com\/1\/wp-json\/wp\/v2\/posts\/79840","targetHints":{"allow":["GET"]}}],"collection":[{"href":"https:\/\/www.caririemacao.com\/1\/wp-json\/wp\/v2\/posts"}],"about":[{"href":"https:\/\/www.caririemacao.com\/1\/wp-json\/wp\/v2\/types\/post"}],"author":[{"embeddable":true,"href":"https:\/\/www.caririemacao.com\/1\/wp-json\/wp\/v2\/users\/1"}],"replies":[{"embeddable":true,"href":"https:\/\/www.caririemacao.com\/1\/wp-json\/wp\/v2\/comments?post=79840"}],"version-history":[{"count":1,"href":"https:\/\/www.caririemacao.com\/1\/wp-json\/wp\/v2\/posts\/79840\/revisions"}],"predecessor-version":[{"id":79842,"href":"https:\/\/www.caririemacao.com\/1\/wp-json\/wp\/v2\/posts\/79840\/revisions\/79842"}],"wp:featuredmedia":[{"embeddable":true,"href":"https:\/\/www.caririemacao.com\/1\/wp-json\/wp\/v2\/media\/79841"}],"wp:attachment":[{"href":"https:\/\/www.caririemacao.com\/1\/wp-json\/wp\/v2\/media?parent=79840"}],"wp:term":[{"taxonomy":"category","embeddable":true,"href":"https:\/\/www.caririemacao.com\/1\/wp-json\/wp\/v2\/categories?post=79840"},{"taxonomy":"post_tag","embeddable":true,"href":"https:\/\/www.caririemacao.com\/1\/wp-json\/wp\/v2\/tags?post=79840"}],"curies":[{"name":"wp","href":"https:\/\/api.w.org\/{rel}","templated":true}]}}