{"id":79849,"date":"2019-01-07T06:17:29","date_gmt":"2019-01-07T09:17:29","guid":{"rendered":"http:\/\/www.caririemacao.com\/1\/?p=79849"},"modified":"2019-01-07T06:17:29","modified_gmt":"2019-01-07T09:17:29","slug":"idosa-de-76-anos-morre-dentro-de-banheiro-de-onibus-de-turismo-na-paraiba","status":"publish","type":"post","link":"https:\/\/www.caririemacao.com\/1\/2019\/01\/07\/idosa-de-76-anos-morre-dentro-de-banheiro-de-onibus-de-turismo-na-paraiba\/","title":{"rendered":"Idosa de 76 anos morre dentro de banheiro de \u00f4nibus de turismo na Para\u00edba"},"content":{"rendered":"<p>Uma idosa de 76 anos morreu dentro do banheiro de um \u00f4nibus de turismo neste domingo (6), em Aparecida, na Para\u00edba. A idosa se sentiu mal e foi ao banheiro.<\/p>\n<p>Os passageiros estranharam a demora e foram at\u00e9 o banheiro. Eles for\u00e7aram a porta e encontraram a idosa desacordada.<\/p>\n<p>O motorista do \u00f4nibus levou a mulher at\u00e9 a UPA de Sousa, mas eles apenas constataram o \u00f3bito.<\/p>\n<p>O \u00f4nibus\u00a0partiu do munic\u00edpio\u00a0de Cear\u00e1-Mirim, no Rio Grande do Norte, e\u00a0seguia para Juazeiro do Norte, no Cear\u00e1.<\/p>\n<p>De acordo com familiares, a idosa sofria de problemas card\u00edacos. O corpo foi encaminhado para o IPC, para que a causa da morte seja investigada.<\/p>\n","protected":false},"excerpt":{"rendered":"<p>Uma idosa de 76 anos morreu dentro do banheiro de um \u00f4nibus de turismo neste domingo (6), em Aparecida, na Para\u00edba. A idosa se sentiu&hellip; <\/p>\n","protected":false},"author":1,"featured_media":79850,"comment_status":"closed","ping_status":"closed","sticky":false,"template":"","format":"standard","meta":{"sfsi_plus_gutenberg_text_before_share":"","sfsi_plus_gutenberg_show_text_before_share":"","sfsi_plus_gutenberg_icon_type":"","sfsi_plus_gutenberg_icon_alignemt":"","sfsi_plus_gutenburg_max_per_row":"","footnotes":""},"categories":[12],"tags":[],"class_list":["post-79849","post","type-post","status-publish","format-standard","has-post-thumbnail","hentry","category-policia"],"_links":{"self":[{"href":"https:\/\/www.caririemacao.com\/1\/wp-json\/wp\/v2\/posts\/79849","targetHints":{"allow":["GET"]}}],"collection":[{"href":"https:\/\/www.caririemacao.com\/1\/wp-json\/wp\/v2\/posts"}],"about":[{"href":"https:\/\/www.caririemacao.com\/1\/wp-json\/wp\/v2\/types\/post"}],"author":[{"embeddable":true,"href":"https:\/\/www.caririemacao.com\/1\/wp-json\/wp\/v2\/users\/1"}],"replies":[{"embeddable":true,"href":"https:\/\/www.caririemacao.com\/1\/wp-json\/wp\/v2\/comments?post=79849"}],"version-history":[{"count":1,"href":"https:\/\/www.caririemacao.com\/1\/wp-json\/wp\/v2\/posts\/79849\/revisions"}],"predecessor-version":[{"id":79851,"href":"https:\/\/www.caririemacao.com\/1\/wp-json\/wp\/v2\/posts\/79849\/revisions\/79851"}],"wp:featuredmedia":[{"embeddable":true,"href":"https:\/\/www.caririemacao.com\/1\/wp-json\/wp\/v2\/media\/79850"}],"wp:attachment":[{"href":"https:\/\/www.caririemacao.com\/1\/wp-json\/wp\/v2\/media?parent=79849"}],"wp:term":[{"taxonomy":"category","embeddable":true,"href":"https:\/\/www.caririemacao.com\/1\/wp-json\/wp\/v2\/categories?post=79849"},{"taxonomy":"post_tag","embeddable":true,"href":"https:\/\/www.caririemacao.com\/1\/wp-json\/wp\/v2\/tags?post=79849"}],"curies":[{"name":"wp","href":"https:\/\/api.w.org\/{rel}","templated":true}]}}