{"id":79853,"date":"2019-01-07T06:19:47","date_gmt":"2019-01-07T09:19:47","guid":{"rendered":"http:\/\/www.caririemacao.com\/1\/?p=79853"},"modified":"2019-01-07T06:19:47","modified_gmt":"2019-01-07T09:19:47","slug":"professor-de-teatro-e-assassinado-em-assalto-no-centro-historico","status":"publish","type":"post","link":"https:\/\/www.caririemacao.com\/1\/2019\/01\/07\/professor-de-teatro-e-assassinado-em-assalto-no-centro-historico\/","title":{"rendered":"Professor de teatro \u00e9 assassinado em assalto no Centro Hist\u00f3rico"},"content":{"rendered":"<p>O ator e professor de teatro Sim\u00e3o Cunha morreu na madrugada deste domingo (6), no Centro Hist\u00f3rico de Jo\u00e3o Pessoa, na capital, v\u00edtima de latroc\u00ednio.<\/p>\n<p>O professor havia participado da inaugura\u00e7\u00e3o de um bar na regi\u00e3o, e ap\u00f3s sair do local, foi assaltado e assassinado a facadas.<\/p>\n<p>A Pol\u00edcia Civil investiga o caso.<\/p>\n<p>Familiares, amigos e conhecidos expressaram profundo pesar nas redes sociais.<\/p>\n<p>&nbsp;<\/p>\n<p>Click PB<\/p>\n","protected":false},"excerpt":{"rendered":"<p>O ator e professor de teatro Sim\u00e3o Cunha morreu na madrugada deste domingo (6), no Centro Hist\u00f3rico de Jo\u00e3o Pessoa, na capital, v\u00edtima de latroc\u00ednio.&hellip; <\/p>\n","protected":false},"author":1,"featured_media":79854,"comment_status":"closed","ping_status":"closed","sticky":false,"template":"","format":"standard","meta":{"sfsi_plus_gutenberg_text_before_share":"","sfsi_plus_gutenberg_show_text_before_share":"","sfsi_plus_gutenberg_icon_type":"","sfsi_plus_gutenberg_icon_alignemt":"","sfsi_plus_gutenburg_max_per_row":"","footnotes":""},"categories":[12],"tags":[],"class_list":["post-79853","post","type-post","status-publish","format-standard","has-post-thumbnail","hentry","category-policia"],"_links":{"self":[{"href":"https:\/\/www.caririemacao.com\/1\/wp-json\/wp\/v2\/posts\/79853","targetHints":{"allow":["GET"]}}],"collection":[{"href":"https:\/\/www.caririemacao.com\/1\/wp-json\/wp\/v2\/posts"}],"about":[{"href":"https:\/\/www.caririemacao.com\/1\/wp-json\/wp\/v2\/types\/post"}],"author":[{"embeddable":true,"href":"https:\/\/www.caririemacao.com\/1\/wp-json\/wp\/v2\/users\/1"}],"replies":[{"embeddable":true,"href":"https:\/\/www.caririemacao.com\/1\/wp-json\/wp\/v2\/comments?post=79853"}],"version-history":[{"count":1,"href":"https:\/\/www.caririemacao.com\/1\/wp-json\/wp\/v2\/posts\/79853\/revisions"}],"predecessor-version":[{"id":79855,"href":"https:\/\/www.caririemacao.com\/1\/wp-json\/wp\/v2\/posts\/79853\/revisions\/79855"}],"wp:featuredmedia":[{"embeddable":true,"href":"https:\/\/www.caririemacao.com\/1\/wp-json\/wp\/v2\/media\/79854"}],"wp:attachment":[{"href":"https:\/\/www.caririemacao.com\/1\/wp-json\/wp\/v2\/media?parent=79853"}],"wp:term":[{"taxonomy":"category","embeddable":true,"href":"https:\/\/www.caririemacao.com\/1\/wp-json\/wp\/v2\/categories?post=79853"},{"taxonomy":"post_tag","embeddable":true,"href":"https:\/\/www.caririemacao.com\/1\/wp-json\/wp\/v2\/tags?post=79853"}],"curies":[{"name":"wp","href":"https:\/\/api.w.org\/{rel}","templated":true}]}}