{"id":79856,"date":"2019-01-07T06:24:07","date_gmt":"2019-01-07T09:24:07","guid":{"rendered":"http:\/\/www.caririemacao.com\/1\/?p=79856"},"modified":"2019-01-07T06:24:07","modified_gmt":"2019-01-07T09:24:07","slug":"papa-faz-apelo-para-que-migrantes-a-deriva-sejam-acolhidos","status":"publish","type":"post","link":"https:\/\/www.caririemacao.com\/1\/2019\/01\/07\/papa-faz-apelo-para-que-migrantes-a-deriva-sejam-acolhidos\/","title":{"rendered":"Papa faz apelo para que migrantes \u00e0 deriva sejam acolhidos"},"content":{"rendered":"<p>O papa Francisco fez um apelo neste domingo (6) para que governos europeus acolham migrantes \u00e0 deriva no mar do Mediterr\u00e2neo.<\/p>\n<p>Ao falar para fi\u00e9is na Pra\u00e7a de S\u00e3o Pedro, no Vaticano, ele se referiu aos migrantes salvos por dois navios de organiza\u00e7\u00f5es n\u00e3o-governamentais que aguardam autoriza\u00e7\u00e3o para desembarcar na Europa.<\/p>\n<p>O papa foi aplaudido e o seu pronunciamento tem rela\u00e7\u00e3o direta com 49 migrantes que ainda est\u00e3o a bordo dois navios, o\u00a0<em>Sea Watch<\/em>\u00a0e o<em>\u00a0Sea Eye<\/em>.<\/p>\n<p>Eles n\u00e3o est\u00e3o alojados em nenhum ponto do Mediterr\u00e2neo e permanecem estacionados nas \u00e1guas de Malt.<\/p>\n<p>&nbsp;<\/p>\n<p><em>RTP (emissora p\u00fablica de televis\u00e3o de Portugal)<\/em><\/p>\n","protected":false},"excerpt":{"rendered":"<p>O papa Francisco fez um apelo neste domingo (6) para que governos europeus acolham migrantes \u00e0 deriva no mar do Mediterr\u00e2neo. Ao falar para fi\u00e9is&hellip; <\/p>\n","protected":false},"author":1,"featured_media":79857,"comment_status":"closed","ping_status":"closed","sticky":false,"template":"","format":"standard","meta":{"sfsi_plus_gutenberg_text_before_share":"","sfsi_plus_gutenberg_show_text_before_share":"","sfsi_plus_gutenberg_icon_type":"","sfsi_plus_gutenberg_icon_alignemt":"","sfsi_plus_gutenburg_max_per_row":"","footnotes":""},"categories":[2],"tags":[],"class_list":["post-79856","post","type-post","status-publish","format-standard","has-post-thumbnail","hentry","category-geral"],"_links":{"self":[{"href":"https:\/\/www.caririemacao.com\/1\/wp-json\/wp\/v2\/posts\/79856","targetHints":{"allow":["GET"]}}],"collection":[{"href":"https:\/\/www.caririemacao.com\/1\/wp-json\/wp\/v2\/posts"}],"about":[{"href":"https:\/\/www.caririemacao.com\/1\/wp-json\/wp\/v2\/types\/post"}],"author":[{"embeddable":true,"href":"https:\/\/www.caririemacao.com\/1\/wp-json\/wp\/v2\/users\/1"}],"replies":[{"embeddable":true,"href":"https:\/\/www.caririemacao.com\/1\/wp-json\/wp\/v2\/comments?post=79856"}],"version-history":[{"count":1,"href":"https:\/\/www.caririemacao.com\/1\/wp-json\/wp\/v2\/posts\/79856\/revisions"}],"predecessor-version":[{"id":79858,"href":"https:\/\/www.caririemacao.com\/1\/wp-json\/wp\/v2\/posts\/79856\/revisions\/79858"}],"wp:featuredmedia":[{"embeddable":true,"href":"https:\/\/www.caririemacao.com\/1\/wp-json\/wp\/v2\/media\/79857"}],"wp:attachment":[{"href":"https:\/\/www.caririemacao.com\/1\/wp-json\/wp\/v2\/media?parent=79856"}],"wp:term":[{"taxonomy":"category","embeddable":true,"href":"https:\/\/www.caririemacao.com\/1\/wp-json\/wp\/v2\/categories?post=79856"},{"taxonomy":"post_tag","embeddable":true,"href":"https:\/\/www.caririemacao.com\/1\/wp-json\/wp\/v2\/tags?post=79856"}],"curies":[{"name":"wp","href":"https:\/\/api.w.org\/{rel}","templated":true}]}}