{"id":79859,"date":"2019-01-07T06:26:49","date_gmt":"2019-01-07T09:26:49","guid":{"rendered":"http:\/\/www.caririemacao.com\/1\/?p=79859"},"modified":"2019-01-07T06:26:49","modified_gmt":"2019-01-07T09:26:49","slug":"midias-sociais-elevam-depressao-entre-meninas-diz-pesquisa","status":"publish","type":"post","link":"https:\/\/www.caririemacao.com\/1\/2019\/01\/07\/midias-sociais-elevam-depressao-entre-meninas-diz-pesquisa\/","title":{"rendered":"M\u00eddias sociais elevam depress\u00e3o entre meninas, diz pesquisa"},"content":{"rendered":"<p>Meninas adolescentes s\u00e3o duas vezes mais propensas que os meninos a apresentar sintomas de depress\u00e3o em conex\u00e3o ao uso das redes sociais, segundo estudo do University College London (UCL) divulgado em Londres. Ativistas pediram ao governo brit\u00e2nico que reconhe\u00e7a o risco de p\u00e1ginas como Facebook, Twitter e Instagram para a sa\u00fade mental dos jovens.<\/p>\n<p>Uma em cada quatro meninas analisadas apresentou sinais clinicamente relevantes de depress\u00e3o, enquanto o mesmo ocorreu com apenas 11% dos garotos, segundo o estudo. Os pesquisadores constaram que a taxa de depress\u00e3o mais elevada \u00e9 devido ao ass\u00e9dio online, ao sono prec\u00e1rio e a baixa autoestima, acentuada pelo tempo nas m\u00eddias sociais.<\/p>\n<p>O estudo analisou dados de quase 11 mil jovens no Reino Unido. Os pesquisadores descobriram que garotas de 14 anos representam o agrupamento de usu\u00e1rios mais incisivos das m\u00eddias sociais \u2013 dois quintos delas as usam por mais de tr\u00eas horas di\u00e1rias, em compara\u00e7\u00e3o com um quinto dos garotos.<\/p>\n<p>Cerca de tr\u00eas quartos das garotas de 14 anos que sofrem de depress\u00e3o tamb\u00e9m t\u00eam baixa autoestima, est\u00e3o insatisfeitas com sua apar\u00eancia e dormem sete horas ou menos por noite.<\/p>\n<p>&#8220;Aparentemente, as meninas enfrentam mais obst\u00e1culos com esses aspectos de suas vidas do que os meninos, em alguns casos consideravelmente&#8221;, disse a professora do Instituto de Epidemiologia e Cuidados da Sa\u00fade do University College London, Yvonne Kelly, que liderou a equipe respons\u00e1vel pela pesquisa.<\/p>\n<p><strong>Depress\u00e3o<\/strong><\/p>\n<p>O estudo tamb\u00e9m mostrou que 12% dos usu\u00e1rios considerados moderados e 38% dos que fazem uso intenso de m\u00eddias sociais (mais de cinco horas por dia) mostraram sinais de depress\u00e3o mais grave.<\/p>\n<p>Quando os pesquisadores analisaram os processos subjacentes que poderiam estar ligados ao uso de m\u00eddias sociais e depress\u00e3o, eles descobriram que 40% das meninas e 25% dos meninos tinham experi\u00eancia de ass\u00e9dio online ou cyberbullying.<\/p>\n<p>Os resultados renovaram as preocupa\u00e7\u00f5es com as evid\u00eancias de que muito mais meninas e mulheres jovens apresentam uma s\u00e9rie de problemas de sa\u00fade mental em compara\u00e7\u00e3o com meninos e homens jovens, e sobre os danos que os baixos \u00edndices de autoestima podem causar, incluindo autoflagela\u00e7\u00e3o e pensamentos suicidas.<\/p>\n<p>Os pesquisadores pedem aos pais e respons\u00e1veis pol\u00edticos que deem a devida import\u00e2ncia aos resultados do estudo. &#8220;Essas descobertas s\u00e3o altamente relevantes para a pol\u00edtica atual de desenvolvimento em diretrizes para o uso seguro das m\u00eddias sociais. A ind\u00fastria tem que regular de forma mais rigorosa as horas de uso das m\u00eddias sociais para os jovens&#8221;, diz Kelly.<\/p>\n<p><strong>Uso excessivo das m\u00eddias sociais<\/strong><\/p>\n<p>A ministra adjunta para Sa\u00fade Mental e Cuidados Sociais, Barbara Keeley, afirmou que &#8220;esse novo relat\u00f3rio aumenta as evid\u00eancias que mostram o efeito t\u00f3xico que o uso excessivo das m\u00eddias sociais tem na sa\u00fade mental de mulheres jovens e meninas [&#8230;] e que as empresas devem assumir a responsabilidade pelo que ocorre em suas plataformas&#8221;.<\/p>\n<p>Tom Madders, diretor de campanhas da institui\u00e7\u00e3o beneficente YoungMinds, diz que, embora sejam uma parte da vida cotidiana da maioria dos jovens e tragam benef\u00edcios, as redes sociais proporcionam uma &#8220;press\u00e3o maior&#8221; porque est\u00e3o sempre dispon\u00edveis e fazem com que os jovens comparem &#8220;as vi<\/p>\n","protected":false},"excerpt":{"rendered":"<p>Meninas adolescentes s\u00e3o duas vezes mais propensas que os meninos a apresentar sintomas de depress\u00e3o em conex\u00e3o ao uso das redes sociais, segundo estudo do&hellip; <\/p>\n","protected":false},"author":1,"featured_media":79860,"comment_status":"closed","ping_status":"closed","sticky":false,"template":"","format":"standard","meta":{"sfsi_plus_gutenberg_text_before_share":"","sfsi_plus_gutenberg_show_text_before_share":"","sfsi_plus_gutenberg_icon_type":"","sfsi_plus_gutenberg_icon_alignemt":"","sfsi_plus_gutenburg_max_per_row":"","footnotes":""},"categories":[16],"tags":[],"class_list":["post-79859","post","type-post","status-publish","format-standard","has-post-thumbnail","hentry","category-saude"],"_links":{"self":[{"href":"https:\/\/www.caririemacao.com\/1\/wp-json\/wp\/v2\/posts\/79859","targetHints":{"allow":["GET"]}}],"collection":[{"href":"https:\/\/www.caririemacao.com\/1\/wp-json\/wp\/v2\/posts"}],"about":[{"href":"https:\/\/www.caririemacao.com\/1\/wp-json\/wp\/v2\/types\/post"}],"author":[{"embeddable":true,"href":"https:\/\/www.caririemacao.com\/1\/wp-json\/wp\/v2\/users\/1"}],"replies":[{"embeddable":true,"href":"https:\/\/www.caririemacao.com\/1\/wp-json\/wp\/v2\/comments?post=79859"}],"version-history":[{"count":1,"href":"https:\/\/www.caririemacao.com\/1\/wp-json\/wp\/v2\/posts\/79859\/revisions"}],"predecessor-version":[{"id":79861,"href":"https:\/\/www.caririemacao.com\/1\/wp-json\/wp\/v2\/posts\/79859\/revisions\/79861"}],"wp:featuredmedia":[{"embeddable":true,"href":"https:\/\/www.caririemacao.com\/1\/wp-json\/wp\/v2\/media\/79860"}],"wp:attachment":[{"href":"https:\/\/www.caririemacao.com\/1\/wp-json\/wp\/v2\/media?parent=79859"}],"wp:term":[{"taxonomy":"category","embeddable":true,"href":"https:\/\/www.caririemacao.com\/1\/wp-json\/wp\/v2\/categories?post=79859"},{"taxonomy":"post_tag","embeddable":true,"href":"https:\/\/www.caririemacao.com\/1\/wp-json\/wp\/v2\/tags?post=79859"}],"curies":[{"name":"wp","href":"https:\/\/api.w.org\/{rel}","templated":true}]}}