{"id":79867,"date":"2019-01-07T06:33:58","date_gmt":"2019-01-07T09:33:58","guid":{"rendered":"http:\/\/www.caririemacao.com\/1\/?p=79867"},"modified":"2019-01-07T06:33:58","modified_gmt":"2019-01-07T09:33:58","slug":"bolsonaro-empossa-presidentes-de-bancos-publicos-nesta-segunda","status":"publish","type":"post","link":"https:\/\/www.caririemacao.com\/1\/2019\/01\/07\/bolsonaro-empossa-presidentes-de-bancos-publicos-nesta-segunda\/","title":{"rendered":"Bolsonaro empossa presidentes de bancos p\u00fablicos nesta segunda"},"content":{"rendered":"<p>O presidente da Rep\u00fablica,\u00a0Jair Bolsonaro, dar\u00e1 posse nesta segunda-feira (7) aos presidentes dos maiores bancos p\u00fablicos do pa\u00eds: Caixa Econ\u00f4mica, Banco do Brasil e Banco Nacional de Desenvolvimento Econ\u00f4mico e Social (BNDES).<\/p>\n<p>Bolsonaro quer que eles ajudem a refor\u00e7ar os cofres do governo, vendendo empresas controladas pelos bancos.<\/p>\n<p>O futuro presidente da Caixa,\u00a0Pedro Guimar\u00e3es, disse que pretende vender na Bolsa de Valores a\u00e7\u00f5es de pelo menos duas subsidi\u00e1rias, como a Caixa Seguridade, ainda neste ano.<\/p>\n<p>\u201cA Caixa vai focar nos clientes de menor renda, na parte imobili\u00e1ria que \u00e9 exatamente sua grande vantagem comparativa\u201d, afirmou.<\/p>\n<p>No Banco do Brasil, quem assumir\u00e1 o comando da institui\u00e7\u00e3o ser\u00e1 o\u00a0economista Rubem Novaes.<\/p>\n<p>A\u00a0presid\u00eancia do BNDES ficar\u00e1 com Joaquim Levy, ministro da Fazenda no governo Dilma Rousseff\u00a0e atualmente ocupando cargo de diretor do Banco Mundial, em Washington.<\/p>\n<p>Na ter\u00e7a-feira (8), Bolsonaro vai fazer a segunda reuni\u00e3o ministerial. A expectativa \u00e9 de que os ministros devem apresentar o resultado de uma avalia\u00e7\u00e3o sobre normas burocr\u00e1ticas que podem ser revogadas para dar mais efici\u00eancia ao governo.<\/p>\n<p>A grande expectativa \u00e9 em rela\u00e7\u00e3o ao an\u00fancio de medidas para a Previd\u00eancia. A equipe econ\u00f4mica vai apresentar a proposta final de reforma ao presidente Bolsonaro ainda nesta semana.<\/p>\n<p>Analistas dizem que, depois dos desmentidos da \u00faltima sexta-feira (4), o governo n\u00e3o pode demorar muito para apresentar medidas concretas para a economia, principalmente em rela\u00e7\u00e3o \u00e0 reforma da Previd\u00eancia, que \u00e9 a quest\u00e3o mais importante para come\u00e7ar a colocar em dia as contas p\u00fablicas do pa\u00eds.<\/p>\n<p>Na avalia\u00e7\u00e3o do economista Alexandre Schwartsman, ex-diretor do Banco Central, o governo precisa definir o que pretende para a \u00e1rea.<\/p>\n<p>\u201cPode ser o do [Michel] Temer. Pode ser outro projeto. Pode ser uma coisa completamente diferente, mas precisa ter uma coisa que \u00e9 colocada para sociedade, para sociedade entender\u201d, disse.<\/p>\n","protected":false},"excerpt":{"rendered":"<p>O presidente da Rep\u00fablica,\u00a0Jair Bolsonaro, dar\u00e1 posse nesta segunda-feira (7) aos presidentes dos maiores bancos p\u00fablicos do pa\u00eds: Caixa Econ\u00f4mica, Banco do Brasil e Banco&hellip; <\/p>\n","protected":false},"author":1,"featured_media":79488,"comment_status":"closed","ping_status":"closed","sticky":false,"template":"","format":"standard","meta":{"sfsi_plus_gutenberg_text_before_share":"","sfsi_plus_gutenberg_show_text_before_share":"","sfsi_plus_gutenberg_icon_type":"","sfsi_plus_gutenberg_icon_alignemt":"","sfsi_plus_gutenburg_max_per_row":"","footnotes":""},"categories":[11],"tags":[],"class_list":["post-79867","post","type-post","status-publish","format-standard","has-post-thumbnail","hentry","category-politica"],"_links":{"self":[{"href":"https:\/\/www.caririemacao.com\/1\/wp-json\/wp\/v2\/posts\/79867","targetHints":{"allow":["GET"]}}],"collection":[{"href":"https:\/\/www.caririemacao.com\/1\/wp-json\/wp\/v2\/posts"}],"about":[{"href":"https:\/\/www.caririemacao.com\/1\/wp-json\/wp\/v2\/types\/post"}],"author":[{"embeddable":true,"href":"https:\/\/www.caririemacao.com\/1\/wp-json\/wp\/v2\/users\/1"}],"replies":[{"embeddable":true,"href":"https:\/\/www.caririemacao.com\/1\/wp-json\/wp\/v2\/comments?post=79867"}],"version-history":[{"count":1,"href":"https:\/\/www.caririemacao.com\/1\/wp-json\/wp\/v2\/posts\/79867\/revisions"}],"predecessor-version":[{"id":79868,"href":"https:\/\/www.caririemacao.com\/1\/wp-json\/wp\/v2\/posts\/79867\/revisions\/79868"}],"wp:featuredmedia":[{"embeddable":true,"href":"https:\/\/www.caririemacao.com\/1\/wp-json\/wp\/v2\/media\/79488"}],"wp:attachment":[{"href":"https:\/\/www.caririemacao.com\/1\/wp-json\/wp\/v2\/media?parent=79867"}],"wp:term":[{"taxonomy":"category","embeddable":true,"href":"https:\/\/www.caririemacao.com\/1\/wp-json\/wp\/v2\/categories?post=79867"},{"taxonomy":"post_tag","embeddable":true,"href":"https:\/\/www.caririemacao.com\/1\/wp-json\/wp\/v2\/tags?post=79867"}],"curies":[{"name":"wp","href":"https:\/\/api.w.org\/{rel}","templated":true}]}}