{"id":79879,"date":"2019-01-07T08:56:10","date_gmt":"2019-01-07T11:56:10","guid":{"rendered":"http:\/\/www.caririemacao.com\/1\/?p=79879"},"modified":"2019-01-07T08:56:10","modified_gmt":"2019-01-07T11:56:10","slug":"ciro-gomes-diz-que-bolsonaro-supoe-que-o-povo-e-burro-incapaz-de-saber-o-que-e-socialismo","status":"publish","type":"post","link":"https:\/\/www.caririemacao.com\/1\/2019\/01\/07\/ciro-gomes-diz-que-bolsonaro-supoe-que-o-povo-e-burro-incapaz-de-saber-o-que-e-socialismo\/","title":{"rendered":"Ciro Gomes diz que Bolsonaro \u2018sup\u00f5e que o povo \u00e9 burro, incapaz de saber o que \u00e9 socialismo\u2019"},"content":{"rendered":"<p>Em entrevista ao jornalista\u00a0Florestan Fernandes Junior, divulgada na noite deste domingo (6) no site do jornal El Pa\u00eds, Ciro Gomes (PDT) disse que o discurso de posse de Jair Bolsonaro (PSL) foi um \u201carroubo de palanque que parte da premissa da ignor\u00e2ncia do povo\u201d.<\/p>\n<p>\u201cO inquietante \u00e9 que ele falou isso no discurso de posse, que costuma ser projetado para a hist\u00f3ria. N\u00e3o era para ser um arroubo de palanque, mas o que ele repete \u00e9 um arroubo de palanque que parte da premissa da ignor\u00e2ncia do povo. Ele sup\u00f5e que o povo \u00e9 burro, incapaz de saber o que \u00e9 socialismo\u201d, disse Ciro, ressaltando que o discurso mostra o conservadorismo do capit\u00e3o da reserva.<\/p>\n<p>\u201cAo afirmar isso, esconjura na palavra socialismo todo o ran\u00e7o conservador, que tem dois planos: conservadorismo de costumes e conservadorismo econ\u00f4mico. \u00c9 uma trag\u00e9dia, porque significa que o camarada, ao iniciar o Governo, anuncia que vai permanecer no palanque. Fica dizendo bobagens superficiais e se afirma num antipetismo tamb\u00e9m superficial\u201d.<\/p>\n<div>Na entrevista, Ciro afirmou que a oposi\u00e7\u00e3o precisa colocar em pauta temas que sejam relevantes para o Pa\u00eds, como a quest\u00e3o do emprego \u2013 que n\u00e3o foi sequer citada por Bolsonaro no discurso de posse.<\/div>\n<p>\u201cSeria um grave erro a gente aceitar a provoca\u00e7\u00e3o do Bolsonaro de discutir identitarismos. A esmagadora maioria do povo brasileiro, que \u00e9 pobre, est\u00e1 desempregada, assustada com a viol\u00eancia, maltratada na rede de sa\u00fade\u2026 Essa gente tende a entender nossas raz\u00f5es se estas raz\u00f5es forem discutidas. Mas se a gente for discutir \u201ckit gay\u201d\u2026 n\u00e3o que o assunto n\u00e3o mere\u00e7a discuss\u00e3o. Estou s\u00f3 dizendo que o Bolsonaro n\u00e3o pode escolher o campo de batalha\u201d, disse.<\/p>\n<p>O pedetista disse ainda que aceitaria uma alian\u00e7a com o PT, caso seja colocado como nova lideran\u00e7a da oposi\u00e7\u00e3o. \u201cAcho que sim. Nosso inimigo n\u00e3o \u00e9 o PT. Agora, n\u00f3s precisamos n\u00e3o nos comprometer. Estou falando sob o ponto de vista hist\u00f3rico\u201d.<\/p>\n<p><strong>Moro e corrup\u00e7\u00e3o<\/strong><\/p>\n<p>Ciro ainda teceu cr\u00edticas ao discurso \u201canti-corrup\u00e7\u00e3o\u201d de Bolsonaro \u2013 que \u201cj\u00e1 malversou verba do seu gabinete\u201d \u2013 e chamou o ministro da Seguran\u00e7a P\u00fablica, S\u00e9rgio Moro, de \u201cexibicionista\u201d.<\/p>\n<p>\u201c\u00c9 imperativo, especialmente para quem assentou na sua identidade o moralismo e que tem a presen\u00e7a simb\u00f3lica do (S\u00e9rgio) Moro, um juiz exibicionista, chibata moral da na\u00e7\u00e3o. E tem coisas pr\u00e1ticas: Bolsonaro, como deputado, j\u00e1 malversou verba do seu gabinete\u201d.<\/p>\n<p>Para Ciro, Moro est\u00e1 obrigado a esclarecer o esquema laranja, que envolve o ex-assessor de Fl\u00e1vio Bolsonaro (PSL\/RJ) na Assembleia Legislativa do Rio de Janeiro (Alerj), Fabr\u00edcio Queiroz, \u201cuma not\u00edcia crime em potencial\u201d.<\/p>\n<p>\u201cO caso do Queiroz, agora, trata-se de uma not\u00edcia crime em potencial. \u00c9 uma quest\u00e3o de moral e de dec\u00eancia esclarecer isso. At\u00e9 porque esta foi a pedra angular da campanha que deu ao Bolsonaro o mandato como presidente. Se Bolsonaro emprestou dinheiro ao tal Queiroz, cad\u00ea o cheque? Que dia foi? Essa foi uma nova opera\u00e7\u00e3o Uruguai como a do Collor? Foi antes ou depois do esc\u00e2ndalo, para tentar cobrir o epis\u00f3dio? Se foi um empr\u00e9stimo, de onde saiu o dinheiro do Bolsonaro para emprestar? S\u00e3o coisas concretas relativas ao presidente. S\u00e9rgio Moro est\u00e1 obrigado a esclarecer isso \u00e0 na\u00e7\u00e3o brasileira\u201d.<\/p>\n<p><br clear=\"all\" \/><br clear=\"all\" \/><\/p>\n<p>Revista F\u00f3rum<\/p>\n","protected":false},"excerpt":{"rendered":"<p>Em entrevista ao jornalista\u00a0Florestan Fernandes Junior, divulgada na noite deste domingo (6) no site do jornal El Pa\u00eds, Ciro Gomes (PDT) disse que o discurso&hellip; <\/p>\n","protected":false},"author":1,"featured_media":25929,"comment_status":"closed","ping_status":"closed","sticky":false,"template":"","format":"standard","meta":{"sfsi_plus_gutenberg_text_before_share":"","sfsi_plus_gutenberg_show_text_before_share":"","sfsi_plus_gutenberg_icon_type":"","sfsi_plus_gutenberg_icon_alignemt":"","sfsi_plus_gutenburg_max_per_row":"","footnotes":""},"categories":[11],"tags":[],"class_list":["post-79879","post","type-post","status-publish","format-standard","has-post-thumbnail","hentry","category-politica"],"_links":{"self":[{"href":"https:\/\/www.caririemacao.com\/1\/wp-json\/wp\/v2\/posts\/79879","targetHints":{"allow":["GET"]}}],"collection":[{"href":"https:\/\/www.caririemacao.com\/1\/wp-json\/wp\/v2\/posts"}],"about":[{"href":"https:\/\/www.caririemacao.com\/1\/wp-json\/wp\/v2\/types\/post"}],"author":[{"embeddable":true,"href":"https:\/\/www.caririemacao.com\/1\/wp-json\/wp\/v2\/users\/1"}],"replies":[{"embeddable":true,"href":"https:\/\/www.caririemacao.com\/1\/wp-json\/wp\/v2\/comments?post=79879"}],"version-history":[{"count":1,"href":"https:\/\/www.caririemacao.com\/1\/wp-json\/wp\/v2\/posts\/79879\/revisions"}],"predecessor-version":[{"id":79880,"href":"https:\/\/www.caririemacao.com\/1\/wp-json\/wp\/v2\/posts\/79879\/revisions\/79880"}],"wp:featuredmedia":[{"embeddable":true,"href":"https:\/\/www.caririemacao.com\/1\/wp-json\/wp\/v2\/media\/25929"}],"wp:attachment":[{"href":"https:\/\/www.caririemacao.com\/1\/wp-json\/wp\/v2\/media?parent=79879"}],"wp:term":[{"taxonomy":"category","embeddable":true,"href":"https:\/\/www.caririemacao.com\/1\/wp-json\/wp\/v2\/categories?post=79879"},{"taxonomy":"post_tag","embeddable":true,"href":"https:\/\/www.caririemacao.com\/1\/wp-json\/wp\/v2\/tags?post=79879"}],"curies":[{"name":"wp","href":"https:\/\/api.w.org\/{rel}","templated":true}]}}