{"id":79881,"date":"2019-01-07T09:00:05","date_gmt":"2019-01-07T12:00:05","guid":{"rendered":"http:\/\/www.caririemacao.com\/1\/?p=79881"},"modified":"2019-01-07T09:00:05","modified_gmt":"2019-01-07T12:00:05","slug":"homem-e-preso-apos-quebrar-porta-de-forum","status":"publish","type":"post","link":"https:\/\/www.caririemacao.com\/1\/2019\/01\/07\/homem-e-preso-apos-quebrar-porta-de-forum\/","title":{"rendered":"Homem \u00e9 preso ap\u00f3s quebrar porta de F\u00f3rum"},"content":{"rendered":"<p>Um homem de 30 anos de idade foi preso por policiais do 4\u00ba BPM (Batalh\u00e3o de Pol\u00edcia Militar) na tarde desse s\u00e1bado (5), suspeito de dano ap\u00f3s quebrar portas de vidro do F\u00f3rum da cidade de Guarabira. O suspeito, que aparentava estar sob efeito de subst\u00e2ncia entorpecente, foi preso pelos policiais ap\u00f3s den\u00fancia feita pelo vigilante.<\/p>\n<p>Rapidamente, os militares chegaram ao local e conseguiram conter o acusado, que estava ferido por ter utilizado os punhos para quebrar os vidros das portas.<\/p>\n<p>Ele foi levado para o Hospital Regional de Guarabira, onde recebeu atendimento m\u00e9dico e, em seguida, foi conduzido para a Delegacia de Pol\u00edcia Civil.<\/p>\n<p><strong>MaisPB<\/strong><\/p>\n","protected":false},"excerpt":{"rendered":"<p>Um homem de 30 anos de idade foi preso por policiais do 4\u00ba BPM (Batalh\u00e3o de Pol\u00edcia Militar) na tarde desse s\u00e1bado (5), suspeito de&hellip; <\/p>\n","protected":false},"author":1,"featured_media":79883,"comment_status":"closed","ping_status":"closed","sticky":false,"template":"","format":"standard","meta":{"sfsi_plus_gutenberg_text_before_share":"","sfsi_plus_gutenberg_show_text_before_share":"","sfsi_plus_gutenberg_icon_type":"","sfsi_plus_gutenberg_icon_alignemt":"","sfsi_plus_gutenburg_max_per_row":"","footnotes":""},"categories":[12],"tags":[],"class_list":["post-79881","post","type-post","status-publish","format-standard","has-post-thumbnail","hentry","category-policia"],"_links":{"self":[{"href":"https:\/\/www.caririemacao.com\/1\/wp-json\/wp\/v2\/posts\/79881","targetHints":{"allow":["GET"]}}],"collection":[{"href":"https:\/\/www.caririemacao.com\/1\/wp-json\/wp\/v2\/posts"}],"about":[{"href":"https:\/\/www.caririemacao.com\/1\/wp-json\/wp\/v2\/types\/post"}],"author":[{"embeddable":true,"href":"https:\/\/www.caririemacao.com\/1\/wp-json\/wp\/v2\/users\/1"}],"replies":[{"embeddable":true,"href":"https:\/\/www.caririemacao.com\/1\/wp-json\/wp\/v2\/comments?post=79881"}],"version-history":[{"count":1,"href":"https:\/\/www.caririemacao.com\/1\/wp-json\/wp\/v2\/posts\/79881\/revisions"}],"predecessor-version":[{"id":79884,"href":"https:\/\/www.caririemacao.com\/1\/wp-json\/wp\/v2\/posts\/79881\/revisions\/79884"}],"wp:featuredmedia":[{"embeddable":true,"href":"https:\/\/www.caririemacao.com\/1\/wp-json\/wp\/v2\/media\/79883"}],"wp:attachment":[{"href":"https:\/\/www.caririemacao.com\/1\/wp-json\/wp\/v2\/media?parent=79881"}],"wp:term":[{"taxonomy":"category","embeddable":true,"href":"https:\/\/www.caririemacao.com\/1\/wp-json\/wp\/v2\/categories?post=79881"},{"taxonomy":"post_tag","embeddable":true,"href":"https:\/\/www.caririemacao.com\/1\/wp-json\/wp\/v2\/tags?post=79881"}],"curies":[{"name":"wp","href":"https:\/\/api.w.org\/{rel}","templated":true}]}}