{"id":79886,"date":"2019-01-07T09:02:35","date_gmt":"2019-01-07T12:02:35","guid":{"rendered":"http:\/\/www.caririemacao.com\/1\/?p=79886"},"modified":"2019-01-07T09:02:35","modified_gmt":"2019-01-07T12:02:35","slug":"judiciario-na-paraiba-retorna-atividades-nesta-segunda-feira-apos-recesso-de-fim-de-ano","status":"publish","type":"post","link":"https:\/\/www.caririemacao.com\/1\/2019\/01\/07\/judiciario-na-paraiba-retorna-atividades-nesta-segunda-feira-apos-recesso-de-fim-de-ano\/","title":{"rendered":"Judici\u00e1rio na Para\u00edba retorna atividades nesta segunda-feira ap\u00f3s recesso de fim de ano"},"content":{"rendered":"<p>O Tribunal de Justi\u00e7a da Para\u00edba, assim como todas as unidades judici\u00e1rias do estado, voltam do recesso de fim de ano nesta segunda-feira (7). O recesso teve in\u00edcio no \u00faltimo dia 20.<\/p>\n<p>Apesar do retorno das atividades, os prazos processuais continuam suspensos at\u00e9 o dia 20 de janeiro, conforme determina\u00e7\u00e3o do novo C\u00f3digo de Processo Civil (CPC).<\/p>\n<p>J\u00e1 as seis unidades do Minist\u00e9rio P\u00fablico Federal na Para\u00edba, em Jo\u00e3o Pessoa, Campina Grande, Sousa, Patos, Monteiro e Guarabira, tamb\u00e9m retomam as atividades nesta segunda. No caso do Minist\u00e9rio P\u00fablico do Estado da Para\u00edba, o regime de plant\u00f5es ser\u00e1 mantido at\u00e9 a ter\u00e7a-feira (8).<\/p>\n","protected":false},"excerpt":{"rendered":"<p>O Tribunal de Justi\u00e7a da Para\u00edba, assim como todas as unidades judici\u00e1rias do estado, voltam do recesso de fim de ano nesta segunda-feira (7). O&hellip; <\/p>\n","protected":false},"author":1,"featured_media":29984,"comment_status":"closed","ping_status":"closed","sticky":false,"template":"","format":"standard","meta":{"sfsi_plus_gutenberg_text_before_share":"","sfsi_plus_gutenberg_show_text_before_share":"","sfsi_plus_gutenberg_icon_type":"","sfsi_plus_gutenberg_icon_alignemt":"","sfsi_plus_gutenburg_max_per_row":"","footnotes":""},"categories":[11],"tags":[],"class_list":["post-79886","post","type-post","status-publish","format-standard","has-post-thumbnail","hentry","category-politica"],"_links":{"self":[{"href":"https:\/\/www.caririemacao.com\/1\/wp-json\/wp\/v2\/posts\/79886","targetHints":{"allow":["GET"]}}],"collection":[{"href":"https:\/\/www.caririemacao.com\/1\/wp-json\/wp\/v2\/posts"}],"about":[{"href":"https:\/\/www.caririemacao.com\/1\/wp-json\/wp\/v2\/types\/post"}],"author":[{"embeddable":true,"href":"https:\/\/www.caririemacao.com\/1\/wp-json\/wp\/v2\/users\/1"}],"replies":[{"embeddable":true,"href":"https:\/\/www.caririemacao.com\/1\/wp-json\/wp\/v2\/comments?post=79886"}],"version-history":[{"count":1,"href":"https:\/\/www.caririemacao.com\/1\/wp-json\/wp\/v2\/posts\/79886\/revisions"}],"predecessor-version":[{"id":79887,"href":"https:\/\/www.caririemacao.com\/1\/wp-json\/wp\/v2\/posts\/79886\/revisions\/79887"}],"wp:featuredmedia":[{"embeddable":true,"href":"https:\/\/www.caririemacao.com\/1\/wp-json\/wp\/v2\/media\/29984"}],"wp:attachment":[{"href":"https:\/\/www.caririemacao.com\/1\/wp-json\/wp\/v2\/media?parent=79886"}],"wp:term":[{"taxonomy":"category","embeddable":true,"href":"https:\/\/www.caririemacao.com\/1\/wp-json\/wp\/v2\/categories?post=79886"},{"taxonomy":"post_tag","embeddable":true,"href":"https:\/\/www.caririemacao.com\/1\/wp-json\/wp\/v2\/tags?post=79886"}],"curies":[{"name":"wp","href":"https:\/\/api.w.org\/{rel}","templated":true}]}}