{"id":79890,"date":"2019-01-07T09:15:00","date_gmt":"2019-01-07T12:15:00","guid":{"rendered":"http:\/\/www.caririemacao.com\/1\/?p=79890"},"modified":"2019-01-07T09:15:00","modified_gmt":"2019-01-07T12:15:00","slug":"bastidores-lindenberg-farias-podera-concorrer-prefeitura-de-joao-pessoa","status":"publish","type":"post","link":"https:\/\/www.caririemacao.com\/1\/2019\/01\/07\/bastidores-lindenberg-farias-podera-concorrer-prefeitura-de-joao-pessoa\/","title":{"rendered":"Bastidores: Lindenberg Farias poder\u00e1 concorrer Prefeitura de Jo\u00e3o Pessoa"},"content":{"rendered":"<p>Ao que parece o cen\u00e1rio para as elei\u00e7\u00f5es municipais de 2020 j\u00e1 est\u00e1 se montando. E acaba de contar um novo personagem.<\/p>\n<p>O senador petista Lindenberg Farias est\u00e1 de malas prontas para transferir seu domic\u00edlio eleitoral para Jo\u00e3o Pessoa.<\/p>\n<p>Segundo informa\u00e7\u00f5es de bastidores o senador pelo Rio de Janeiro j\u00e1 conta com uma base familiar de apoio no estado e j\u00e1 estaria contando com o apoio pol\u00edtico local.<\/p>\n<p>Luiz Lindbergh Farias Filho\u00a0ganhou fama como l\u00edder estudantil. Em 1992, obteve destaque no cen\u00e1rio nacional quando, enquanto presidente da\u00a0Uni\u00e3o Nacional dos Estudantes, tornou-se um dos principais l\u00edderes do movimento estudantil dos\u00a0caras-pintadas\u00a0contra o ent\u00e3o presidente\u00a0Fernando Collor de Mello\u00a0(com quem, ap\u00f3s se tornar pol\u00edtico, se aliou. Lindbergh cursou medicina e direito, mas nunca chegou a concluir nenhuma gradua\u00e7\u00e3o.<\/p>\n<p>Ap\u00f3s sair do movimento estudantil, foi eleito deputado federal por dois mandatos. Tamb\u00e9m foi eleito e reeleito prefeito do munic\u00edpio de\u00a0Nova Igua\u00e7u, na\u00a0Baixada Fluminense. Em 2010, elegeu-se senador pelo Rio de Janeiro.<\/p>\n<p>Em 2014, concorreu ao governo do Rio de Janeiro pelo PT, ficando em quarto lugar, com dez por cento dos votos v\u00e1lidos. Em 2018, tentou a reelei\u00e7\u00e3o ao Senado mas ficou em quarto lugar e n\u00e3o foi eleito.<\/p>\n<p>&nbsp;<\/p>\n<p>Pol\u00eamica Para\u00edba<\/p>\n","protected":false},"excerpt":{"rendered":"<p>Ao que parece o cen\u00e1rio para as elei\u00e7\u00f5es municipais de 2020 j\u00e1 est\u00e1 se montando. E acaba de contar um novo personagem. O senador petista&hellip; <\/p>\n","protected":false},"author":1,"featured_media":79891,"comment_status":"closed","ping_status":"closed","sticky":false,"template":"","format":"standard","meta":{"sfsi_plus_gutenberg_text_before_share":"","sfsi_plus_gutenberg_show_text_before_share":"","sfsi_plus_gutenberg_icon_type":"","sfsi_plus_gutenberg_icon_alignemt":"","sfsi_plus_gutenburg_max_per_row":"","footnotes":""},"categories":[11],"tags":[],"class_list":["post-79890","post","type-post","status-publish","format-standard","has-post-thumbnail","hentry","category-politica"],"_links":{"self":[{"href":"https:\/\/www.caririemacao.com\/1\/wp-json\/wp\/v2\/posts\/79890","targetHints":{"allow":["GET"]}}],"collection":[{"href":"https:\/\/www.caririemacao.com\/1\/wp-json\/wp\/v2\/posts"}],"about":[{"href":"https:\/\/www.caririemacao.com\/1\/wp-json\/wp\/v2\/types\/post"}],"author":[{"embeddable":true,"href":"https:\/\/www.caririemacao.com\/1\/wp-json\/wp\/v2\/users\/1"}],"replies":[{"embeddable":true,"href":"https:\/\/www.caririemacao.com\/1\/wp-json\/wp\/v2\/comments?post=79890"}],"version-history":[{"count":1,"href":"https:\/\/www.caririemacao.com\/1\/wp-json\/wp\/v2\/posts\/79890\/revisions"}],"predecessor-version":[{"id":79892,"href":"https:\/\/www.caririemacao.com\/1\/wp-json\/wp\/v2\/posts\/79890\/revisions\/79892"}],"wp:featuredmedia":[{"embeddable":true,"href":"https:\/\/www.caririemacao.com\/1\/wp-json\/wp\/v2\/media\/79891"}],"wp:attachment":[{"href":"https:\/\/www.caririemacao.com\/1\/wp-json\/wp\/v2\/media?parent=79890"}],"wp:term":[{"taxonomy":"category","embeddable":true,"href":"https:\/\/www.caririemacao.com\/1\/wp-json\/wp\/v2\/categories?post=79890"},{"taxonomy":"post_tag","embeddable":true,"href":"https:\/\/www.caririemacao.com\/1\/wp-json\/wp\/v2\/tags?post=79890"}],"curies":[{"name":"wp","href":"https:\/\/api.w.org\/{rel}","templated":true}]}}