{"id":79893,"date":"2019-01-07T09:19:26","date_gmt":"2019-01-07T12:19:26","guid":{"rendered":"http:\/\/www.caririemacao.com\/1\/?p=79893"},"modified":"2019-01-07T09:19:26","modified_gmt":"2019-01-07T12:19:26","slug":"dinheiro-do-dizimo-padre-entrega-para-familia-carente-em-barauna","status":"publish","type":"post","link":"https:\/\/www.caririemacao.com\/1\/2019\/01\/07\/dinheiro-do-dizimo-padre-entrega-para-familia-carente-em-barauna\/","title":{"rendered":"DINHEIRO DO D\u00cdZIMO: Padre entrega para fam\u00edlia carente em Bara\u00fana"},"content":{"rendered":"<p>O padre Deivid Franklin, administrador da Par\u00f3quia de Nossa Senhora das Gra\u00e7as, no munic\u00edpio de Bara\u00fana, entregou para uma fam\u00edlia carente da regi\u00e3o uma casa constru\u00edda com o dinheiro do d\u00edzimo. Ver\u00f4nico e Altaniza viviam com os tr\u00eas filhos e com uma idosa em um barraco que tinha risco de desabamento.<\/p>\n<p>A casa de alvenaria entregue \u00e0 fam\u00edlia pelo padre tem dois quartos, uma sala, uma cozinha e um banheiro.<\/p>\n<p>O padre agradeceu aos fieis que contribu\u00edram com o d\u00edzimo e pediu mais ajuda para quitar uma d\u00edvida ainda restante, que \u00e9 a do trabalho dos pedreiros.<\/p>\n<p>&nbsp;<\/p>\n<p>Parlamento PB<\/p>\n","protected":false},"excerpt":{"rendered":"<p>O padre Deivid Franklin, administrador da Par\u00f3quia de Nossa Senhora das Gra\u00e7as, no munic\u00edpio de Bara\u00fana, entregou para uma fam\u00edlia carente da regi\u00e3o uma casa&hellip; <\/p>\n","protected":false},"author":1,"featured_media":79894,"comment_status":"closed","ping_status":"closed","sticky":false,"template":"","format":"standard","meta":{"sfsi_plus_gutenberg_text_before_share":"","sfsi_plus_gutenberg_show_text_before_share":"","sfsi_plus_gutenberg_icon_type":"","sfsi_plus_gutenberg_icon_alignemt":"","sfsi_plus_gutenburg_max_per_row":"","footnotes":""},"categories":[50,2],"tags":[],"class_list":["post-79893","post","type-post","status-publish","format-standard","has-post-thumbnail","hentry","category-destaque","category-geral"],"_links":{"self":[{"href":"https:\/\/www.caririemacao.com\/1\/wp-json\/wp\/v2\/posts\/79893","targetHints":{"allow":["GET"]}}],"collection":[{"href":"https:\/\/www.caririemacao.com\/1\/wp-json\/wp\/v2\/posts"}],"about":[{"href":"https:\/\/www.caririemacao.com\/1\/wp-json\/wp\/v2\/types\/post"}],"author":[{"embeddable":true,"href":"https:\/\/www.caririemacao.com\/1\/wp-json\/wp\/v2\/users\/1"}],"replies":[{"embeddable":true,"href":"https:\/\/www.caririemacao.com\/1\/wp-json\/wp\/v2\/comments?post=79893"}],"version-history":[{"count":1,"href":"https:\/\/www.caririemacao.com\/1\/wp-json\/wp\/v2\/posts\/79893\/revisions"}],"predecessor-version":[{"id":79895,"href":"https:\/\/www.caririemacao.com\/1\/wp-json\/wp\/v2\/posts\/79893\/revisions\/79895"}],"wp:featuredmedia":[{"embeddable":true,"href":"https:\/\/www.caririemacao.com\/1\/wp-json\/wp\/v2\/media\/79894"}],"wp:attachment":[{"href":"https:\/\/www.caririemacao.com\/1\/wp-json\/wp\/v2\/media?parent=79893"}],"wp:term":[{"taxonomy":"category","embeddable":true,"href":"https:\/\/www.caririemacao.com\/1\/wp-json\/wp\/v2\/categories?post=79893"},{"taxonomy":"post_tag","embeddable":true,"href":"https:\/\/www.caririemacao.com\/1\/wp-json\/wp\/v2\/tags?post=79893"}],"curies":[{"name":"wp","href":"https:\/\/api.w.org\/{rel}","templated":true}]}}