{"id":79896,"date":"2019-01-07T09:34:47","date_gmt":"2019-01-07T12:34:47","guid":{"rendered":"http:\/\/www.caririemacao.com\/1\/?p=79896"},"modified":"2019-01-07T09:34:47","modified_gmt":"2019-01-07T12:34:47","slug":"celulares-irregulares-de-15-estados-comecam-a-receber-alertas-de-bloqueio","status":"publish","type":"post","link":"https:\/\/www.caririemacao.com\/1\/2019\/01\/07\/celulares-irregulares-de-15-estados-comecam-a-receber-alertas-de-bloqueio\/","title":{"rendered":"Celulares irregulares de 15 estados come\u00e7am a receber alertas de bloqueio"},"content":{"rendered":"<p>A partir de segunda-feira mensagens de alerta sobre o bloqueio de celulares irregulares ser\u00e3o enviadas para aparelhos de todos os estados da regi\u00e3o nordeste, dois da regi\u00e3o sudeste, Minas Gerais e S\u00e3o Paulo, e quatro do norte: Amap\u00e1, Amazonas, Par\u00e1 e Roraima.<\/p>\n<p>Segundo a Anatel, Ag\u00eancia Nacional de Telecomunica\u00e7\u00f5es, o bloqueio s\u00f3 vai ocorrer em 24 de mar\u00e7o deste ano, 75 dias ap\u00f3s o in\u00edcio do envio das mensagens. Outros dois alertas ser\u00e3o enviados antes da interrup\u00e7\u00e3o do servi\u00e7o. A autarquia ressalta que a medida vale somente para celulares irregulares habilitados nas redes das prestadoras a partir de sete de janeiro de 2019.<\/p>\n<p>A orienta\u00e7\u00e3o \u00e9 que ao receber a mensagem, o usu\u00e1rio deve procurar a empresa ou pessoa que vendeu o aparelho e buscar seus direitos como consumidor.<\/p>\n<p>O aparelho \u00e9 considerado irregular quando n\u00e3o tem o selo da Anatel que garante a certifica\u00e7\u00e3o e a qualidade do equipamento. A Ag\u00eancia lembra que celulares sem o selo n\u00e3o passaram pelos testes de seguran\u00e7a, e podem aquecer, dar choques el\u00e9tricos, emitir radia\u00e7\u00e3o, explodir e causar inc\u00eandio.<\/p>\n<p>Quem tiver d\u00favidas sobre a regularidade de seu aparelho, pode consulta-lo no portal da autarquia anatel.gov.br\/celularlegal informando o n\u00famero do IMEI, que \u00e9 um c\u00f3digo composto por 15 n\u00fameros, utilizado internacionalmente, que permite identificar a marca e modelo do aparelho.<\/p>\n<p>O bloqueio de celulares irregulares j\u00e1 foi implantado em 12 estados.<\/p>\n<p>&nbsp;<\/p>\n<p>EBC<\/p>\n","protected":false},"excerpt":{"rendered":"<p>A partir de segunda-feira mensagens de alerta sobre o bloqueio de celulares irregulares ser\u00e3o enviadas para aparelhos de todos os estados da regi\u00e3o nordeste, dois&hellip; <\/p>\n","protected":false},"author":1,"featured_media":34578,"comment_status":"closed","ping_status":"closed","sticky":false,"template":"","format":"standard","meta":{"sfsi_plus_gutenberg_text_before_share":"","sfsi_plus_gutenberg_show_text_before_share":"","sfsi_plus_gutenberg_icon_type":"","sfsi_plus_gutenberg_icon_alignemt":"","sfsi_plus_gutenburg_max_per_row":"","footnotes":""},"categories":[2],"tags":[],"class_list":["post-79896","post","type-post","status-publish","format-standard","has-post-thumbnail","hentry","category-geral"],"_links":{"self":[{"href":"https:\/\/www.caririemacao.com\/1\/wp-json\/wp\/v2\/posts\/79896","targetHints":{"allow":["GET"]}}],"collection":[{"href":"https:\/\/www.caririemacao.com\/1\/wp-json\/wp\/v2\/posts"}],"about":[{"href":"https:\/\/www.caririemacao.com\/1\/wp-json\/wp\/v2\/types\/post"}],"author":[{"embeddable":true,"href":"https:\/\/www.caririemacao.com\/1\/wp-json\/wp\/v2\/users\/1"}],"replies":[{"embeddable":true,"href":"https:\/\/www.caririemacao.com\/1\/wp-json\/wp\/v2\/comments?post=79896"}],"version-history":[{"count":1,"href":"https:\/\/www.caririemacao.com\/1\/wp-json\/wp\/v2\/posts\/79896\/revisions"}],"predecessor-version":[{"id":79897,"href":"https:\/\/www.caririemacao.com\/1\/wp-json\/wp\/v2\/posts\/79896\/revisions\/79897"}],"wp:featuredmedia":[{"embeddable":true,"href":"https:\/\/www.caririemacao.com\/1\/wp-json\/wp\/v2\/media\/34578"}],"wp:attachment":[{"href":"https:\/\/www.caririemacao.com\/1\/wp-json\/wp\/v2\/media?parent=79896"}],"wp:term":[{"taxonomy":"category","embeddable":true,"href":"https:\/\/www.caririemacao.com\/1\/wp-json\/wp\/v2\/categories?post=79896"},{"taxonomy":"post_tag","embeddable":true,"href":"https:\/\/www.caririemacao.com\/1\/wp-json\/wp\/v2\/tags?post=79896"}],"curies":[{"name":"wp","href":"https:\/\/api.w.org\/{rel}","templated":true}]}}