{"id":79898,"date":"2019-01-07T09:37:34","date_gmt":"2019-01-07T12:37:34","guid":{"rendered":"http:\/\/www.caririemacao.com\/1\/?p=79898"},"modified":"2019-01-07T09:37:34","modified_gmt":"2019-01-07T12:37:34","slug":"bolsonaro-diz-que-caixa-preta-de-orgaos-federais-comecou-a-ser-aberta","status":"publish","type":"post","link":"https:\/\/www.caririemacao.com\/1\/2019\/01\/07\/bolsonaro-diz-que-caixa-preta-de-orgaos-federais-comecou-a-ser-aberta\/","title":{"rendered":"Bolsonaro diz que caixa-preta de \u00f3rg\u00e3os federais come\u00e7ou a ser aberta"},"content":{"rendered":"<p>Horas antes de dar posse hoje (7), em solenidade no Pal\u00e1cio do Planalto, aos dirigentes do Banco do Brasil, Banco Nacional de Desenvolvimento Econ\u00f4mico e Social (BNDES) e Caixa Econ\u00f4mica Federal, o presidente Jair Bolsonaro disse que a caixa-preta de diversos \u00f3rg\u00e3os come\u00e7ou a ser aberta. Na sua conta pessoal do Twitter, Bolsonaro afirmou que \u201cmuitos contratos foram desfeitos e ser\u00e3o expostos\u201d.<\/p>\n<p>Segundo ele, &#8220;com poucos dias de governo, n\u00e3o s\u00f3 a caixa-preta do BNDES, mas [tamb\u00e9m] de outros \u00f3rg\u00e3os&#8221;,\u00a0est\u00e1\u00a0sendo levantada\u00a0e ser\u00e1 divulgada. &#8220;Muitos contratos foram desfeitos e ser\u00e3o expostos, como o de R$ 44 milh\u00f5es para criar criptomoeda ind\u00edgena que foi barrado pela ministra [de Mulheres, Fam\u00edlia e Direitos Humanos] Damares [Alves] e outros\u201d, completou.<\/p>\n<p>O presidente se refere \u00e0 decis\u00e3o de Damares Alves de suspender um contrato de R$ 44,9 milh\u00f5es da Funda\u00e7\u00e3o Nacional do \u00cdndio (Funai) que inclu\u00eda a elabora\u00e7\u00e3o de mapeamento funcional, cria\u00e7\u00e3o de banco de dados territoriais e implementa\u00e7\u00e3o de criptomoeda para popula\u00e7\u00f5es ind\u00edgenas, segundo a imprensa.<\/p>\n<p>No final da manh\u00e3, tomar\u00e3o posse\u00a0no Banco Brasil, Rubem Novaes; no\u00a0BNDES, Joaquim Levy; e na Caixa, Pedro Guimar\u00e3es.<\/p>\n<p>O presidente tem\u00a0hoje\u00a0despachos com o ministro Augusto Nardes, do Tribunal de Contas da Uni\u00e3o (TCU), e o deputado federal F\u00e1bio Ramalho (MDB-MG).<\/p>\n<p>&nbsp;<\/p>\n<p>EBC<\/p>\n","protected":false},"excerpt":{"rendered":"<p>Horas antes de dar posse hoje (7), em solenidade no Pal\u00e1cio do Planalto, aos dirigentes do Banco do Brasil, Banco Nacional de Desenvolvimento Econ\u00f4mico e&hellip; <\/p>\n","protected":false},"author":1,"featured_media":76086,"comment_status":"closed","ping_status":"closed","sticky":false,"template":"","format":"standard","meta":{"sfsi_plus_gutenberg_text_before_share":"","sfsi_plus_gutenberg_show_text_before_share":"","sfsi_plus_gutenberg_icon_type":"","sfsi_plus_gutenberg_icon_alignemt":"","sfsi_plus_gutenburg_max_per_row":"","footnotes":""},"categories":[11],"tags":[],"class_list":["post-79898","post","type-post","status-publish","format-standard","has-post-thumbnail","hentry","category-politica"],"_links":{"self":[{"href":"https:\/\/www.caririemacao.com\/1\/wp-json\/wp\/v2\/posts\/79898","targetHints":{"allow":["GET"]}}],"collection":[{"href":"https:\/\/www.caririemacao.com\/1\/wp-json\/wp\/v2\/posts"}],"about":[{"href":"https:\/\/www.caririemacao.com\/1\/wp-json\/wp\/v2\/types\/post"}],"author":[{"embeddable":true,"href":"https:\/\/www.caririemacao.com\/1\/wp-json\/wp\/v2\/users\/1"}],"replies":[{"embeddable":true,"href":"https:\/\/www.caririemacao.com\/1\/wp-json\/wp\/v2\/comments?post=79898"}],"version-history":[{"count":1,"href":"https:\/\/www.caririemacao.com\/1\/wp-json\/wp\/v2\/posts\/79898\/revisions"}],"predecessor-version":[{"id":79899,"href":"https:\/\/www.caririemacao.com\/1\/wp-json\/wp\/v2\/posts\/79898\/revisions\/79899"}],"wp:featuredmedia":[{"embeddable":true,"href":"https:\/\/www.caririemacao.com\/1\/wp-json\/wp\/v2\/media\/76086"}],"wp:attachment":[{"href":"https:\/\/www.caririemacao.com\/1\/wp-json\/wp\/v2\/media?parent=79898"}],"wp:term":[{"taxonomy":"category","embeddable":true,"href":"https:\/\/www.caririemacao.com\/1\/wp-json\/wp\/v2\/categories?post=79898"},{"taxonomy":"post_tag","embeddable":true,"href":"https:\/\/www.caririemacao.com\/1\/wp-json\/wp\/v2\/tags?post=79898"}],"curies":[{"name":"wp","href":"https:\/\/api.w.org\/{rel}","templated":true}]}}