{"id":79905,"date":"2019-01-07T10:04:40","date_gmt":"2019-01-07T13:04:40","guid":{"rendered":"http:\/\/www.caririemacao.com\/1\/?p=79905"},"modified":"2019-01-07T10:04:40","modified_gmt":"2019-01-07T13:04:40","slug":"urgente-acidente-na-br-412-em-sume","status":"publish","type":"post","link":"https:\/\/www.caririemacao.com\/1\/2019\/01\/07\/urgente-acidente-na-br-412-em-sume\/","title":{"rendered":"Urgente: Acidente na BR 412 em Sum\u00e9"},"content":{"rendered":"<div id=\"js_1x4\" class=\"_5pbx userContent _3576\" data-ft=\"{&quot;tn&quot;:&quot;K&quot;}\" data-ad-preview=\"message\">\n<div id=\"id_5c334d73ac3109a21134613\" class=\"text_exposed_root text_exposed\">\n<p>Na manh\u00e3 desta segunda-feira (07\/01), um acidente foi registrado na BR 412 em Sum\u00e9. Uma moto com um condutor do Cear\u00e1 colidiu na traseira de uma SW4 conduzida por um homem do Bel\u00e9m do Par\u00e1.<\/p>\n<p>O fato aconteceu quando o motorista diminuiu a velocidade em um quebra mola e a moto bateu no carro.<\/p>\n<div class=\"text_exposed_show\">\n<p>O condutor da moto foi levado para o Hospital e Maternidade Alice de Almeida para os primeiros atendimentos.<\/p>\n<\/div>\n<\/div>\n<\/div>\n<p><img fetchpriority=\"high\" decoding=\"async\" class=\"alignnone size-medium wp-image-79906\" src=\"http:\/\/www.caririemacao.com\/1\/wp-content\/uploads\/2019\/01\/49801091_1475381512595374_772438211644358656_n-300x169.jpg\" alt=\"\" width=\"300\" height=\"169\" srcset=\"https:\/\/www.caririemacao.com\/1\/wp-content\/uploads\/2019\/01\/49801091_1475381512595374_772438211644358656_n-300x169.jpg 300w, https:\/\/www.caririemacao.com\/1\/wp-content\/uploads\/2019\/01\/49801091_1475381512595374_772438211644358656_n-768x432.jpg 768w, https:\/\/www.caririemacao.com\/1\/wp-content\/uploads\/2019\/01\/49801091_1475381512595374_772438211644358656_n.jpg 960w\" sizes=\"(max-width: 300px) 100vw, 300px\" \/><\/p>\n<p>Not\u00edcias em Destaque<\/p>\n<div class=\"_3x-2\" data-ft=\"{&quot;tn&quot;:&quot;H&quot;}\">\n<div data-ft=\"{&quot;tn&quot;:&quot;H&quot;}\">\n<div class=\"mtm\">\n<div>\n<div class=\"_5cq3 _1ktf\" data-ft=\"{&quot;tn&quot;:&quot;E&quot;}\"><\/div>\n<\/div>\n<\/div>\n<\/div>\n<\/div>\n","protected":false},"excerpt":{"rendered":"<p>Na manh\u00e3 desta segunda-feira (07\/01), um acidente foi registrado na BR 412 em Sum\u00e9. Uma moto com um condutor do Cear\u00e1 colidiu na traseira de&hellip; <\/p>\n","protected":false},"author":1,"featured_media":79906,"comment_status":"closed","ping_status":"closed","sticky":false,"template":"","format":"standard","meta":{"sfsi_plus_gutenberg_text_before_share":"","sfsi_plus_gutenberg_show_text_before_share":"","sfsi_plus_gutenberg_icon_type":"","sfsi_plus_gutenberg_icon_alignemt":"","sfsi_plus_gutenburg_max_per_row":"","footnotes":""},"categories":[50,2],"tags":[],"class_list":["post-79905","post","type-post","status-publish","format-standard","has-post-thumbnail","hentry","category-destaque","category-geral"],"_links":{"self":[{"href":"https:\/\/www.caririemacao.com\/1\/wp-json\/wp\/v2\/posts\/79905","targetHints":{"allow":["GET"]}}],"collection":[{"href":"https:\/\/www.caririemacao.com\/1\/wp-json\/wp\/v2\/posts"}],"about":[{"href":"https:\/\/www.caririemacao.com\/1\/wp-json\/wp\/v2\/types\/post"}],"author":[{"embeddable":true,"href":"https:\/\/www.caririemacao.com\/1\/wp-json\/wp\/v2\/users\/1"}],"replies":[{"embeddable":true,"href":"https:\/\/www.caririemacao.com\/1\/wp-json\/wp\/v2\/comments?post=79905"}],"version-history":[{"count":1,"href":"https:\/\/www.caririemacao.com\/1\/wp-json\/wp\/v2\/posts\/79905\/revisions"}],"predecessor-version":[{"id":79907,"href":"https:\/\/www.caririemacao.com\/1\/wp-json\/wp\/v2\/posts\/79905\/revisions\/79907"}],"wp:featuredmedia":[{"embeddable":true,"href":"https:\/\/www.caririemacao.com\/1\/wp-json\/wp\/v2\/media\/79906"}],"wp:attachment":[{"href":"https:\/\/www.caririemacao.com\/1\/wp-json\/wp\/v2\/media?parent=79905"}],"wp:term":[{"taxonomy":"category","embeddable":true,"href":"https:\/\/www.caririemacao.com\/1\/wp-json\/wp\/v2\/categories?post=79905"},{"taxonomy":"post_tag","embeddable":true,"href":"https:\/\/www.caririemacao.com\/1\/wp-json\/wp\/v2\/tags?post=79905"}],"curies":[{"name":"wp","href":"https:\/\/api.w.org\/{rel}","templated":true}]}}