{"id":79915,"date":"2019-01-07T14:30:31","date_gmt":"2019-01-07T17:30:31","guid":{"rendered":"http:\/\/www.caririemacao.com\/1\/?p=79915"},"modified":"2019-01-07T14:30:31","modified_gmt":"2019-01-07T17:30:31","slug":"policia-prende-no-congo-suspeitos-de-roubo-de-motos","status":"publish","type":"post","link":"https:\/\/www.caririemacao.com\/1\/2019\/01\/07\/policia-prende-no-congo-suspeitos-de-roubo-de-motos\/","title":{"rendered":"Pol\u00edcia prende no Congo suspeitos de roubo de motos"},"content":{"rendered":"<p>A Pol\u00edcia Militar prendeu na manh\u00e3 desta segunda-feira, dia 7, quatro homens suspeitos de roubo e recepta\u00e7\u00e3o de moto. Ambas as pris\u00f5es foram realizadas na cidade do Congo, no Cariri Paraibano.<\/p>\n<p>Foram presos Carlos Emanoel de Ara\u00fajo, 24 anos e Jos\u00e9 J\u00fanior Fernandes dos Santos, de 25 anos, ambos de S\u00e3o Domingos do Cariri, al\u00e9m de um suposto receptador de motos, F\u00e1bio Jos\u00e9 da Silva, 38 anos.<\/p>\n<p>Ainda foi preso Pedro Alves de Queiroz, de 43 anos de idade. Na opera\u00e7\u00e3o foram recuperadas 05, entre elas, 03 motos roubadas e uma delas tinha sido fruto de roubo neste domingo na cidade de Santa Cruz do Capibaribe\/PE e estava escondida no Congo.<\/p>\n<p>De acordo com as informa\u00e7\u00f5es, a moto roubada em Santa Cruz do Capibaribe levou a Policia Militar a encontrar as demais motos e prender os homens, porque na moto roubada no Pernambuco tinha uma localizador por GPS e acabou levando a PM a encontr\u00e1-la no Congo.<\/p>\n<p>Todos os presos foram encaminhados para a Delegacia de Sum\u00e9 e ser\u00e3o ouvidos pelo delegado.<\/p>\n<p>As guarni\u00e7\u00f5es envolvidas na ocorr\u00eancia foram a 6138 comandada pelo cb Wagner e o sd Gomes com o apoio da VTR da cidade de Cara\u00fabas comanda pelo cb Almiberto e o cb Luiz Pequeno.<\/p>\n<p>As 05 motos apreendidas s\u00e3o uma Fan 150, cor preta, placa PDG 7628 de Santa Cruz do Capibaribe\/PE, uma Broz, cor preta com prata, placa PDP 3239, de Santa Cruz do Capibaribe\/PE, outra Broz, cor vermelha e preta, com placa PDU 7442, de Machados\/PE, Moto 150 titan, cor vermelha, placa MNB 8796, de Tavares\/PB e uma Pop 100, cor preta, placa KHZ 9953, de Santa Cruz do Capibaribe\/PE.<\/p>\n<p>Al\u00e9m das motos, ainda foram apreendidas duas espingardas de fabrica\u00e7\u00e3o caseira, encontradas na casa de Pedro.<\/p>\n","protected":false},"excerpt":{"rendered":"<p>A Pol\u00edcia Militar prendeu na manh\u00e3 desta segunda-feira, dia 7, quatro homens suspeitos de roubo e recepta\u00e7\u00e3o de moto. Ambas as pris\u00f5es foram realizadas na&hellip; <\/p>\n","protected":false},"author":2,"featured_media":79916,"comment_status":"closed","ping_status":"closed","sticky":false,"template":"","format":"standard","meta":{"sfsi_plus_gutenberg_text_before_share":"","sfsi_plus_gutenberg_show_text_before_share":"","sfsi_plus_gutenberg_icon_type":"","sfsi_plus_gutenberg_icon_alignemt":"","sfsi_plus_gutenburg_max_per_row":"","footnotes":""},"categories":[12],"tags":[],"class_list":["post-79915","post","type-post","status-publish","format-standard","has-post-thumbnail","hentry","category-policia"],"_links":{"self":[{"href":"https:\/\/www.caririemacao.com\/1\/wp-json\/wp\/v2\/posts\/79915","targetHints":{"allow":["GET"]}}],"collection":[{"href":"https:\/\/www.caririemacao.com\/1\/wp-json\/wp\/v2\/posts"}],"about":[{"href":"https:\/\/www.caririemacao.com\/1\/wp-json\/wp\/v2\/types\/post"}],"author":[{"embeddable":true,"href":"https:\/\/www.caririemacao.com\/1\/wp-json\/wp\/v2\/users\/2"}],"replies":[{"embeddable":true,"href":"https:\/\/www.caririemacao.com\/1\/wp-json\/wp\/v2\/comments?post=79915"}],"version-history":[{"count":1,"href":"https:\/\/www.caririemacao.com\/1\/wp-json\/wp\/v2\/posts\/79915\/revisions"}],"predecessor-version":[{"id":79920,"href":"https:\/\/www.caririemacao.com\/1\/wp-json\/wp\/v2\/posts\/79915\/revisions\/79920"}],"wp:featuredmedia":[{"embeddable":true,"href":"https:\/\/www.caririemacao.com\/1\/wp-json\/wp\/v2\/media\/79916"}],"wp:attachment":[{"href":"https:\/\/www.caririemacao.com\/1\/wp-json\/wp\/v2\/media?parent=79915"}],"wp:term":[{"taxonomy":"category","embeddable":true,"href":"https:\/\/www.caririemacao.com\/1\/wp-json\/wp\/v2\/categories?post=79915"},{"taxonomy":"post_tag","embeddable":true,"href":"https:\/\/www.caririemacao.com\/1\/wp-json\/wp\/v2\/tags?post=79915"}],"curies":[{"name":"wp","href":"https:\/\/api.w.org\/{rel}","templated":true}]}}