{"id":79921,"date":"2019-01-07T18:56:21","date_gmt":"2019-01-07T21:56:21","guid":{"rendered":"http:\/\/www.caririemacao.com\/1\/?p=79921"},"modified":"2019-01-07T18:56:21","modified_gmt":"2019-01-07T21:56:21","slug":"governador-da-paraiba-revela-que-mais-de-500-policiais-serao-convocados-em-2019","status":"publish","type":"post","link":"https:\/\/www.caririemacao.com\/1\/2019\/01\/07\/governador-da-paraiba-revela-que-mais-de-500-policiais-serao-convocados-em-2019\/","title":{"rendered":"Governador da Para\u00edba revela que mais de 500 policiais ser\u00e3o convocados em 2019"},"content":{"rendered":"<p>O governador Jo\u00e3o Azevedo (PSB\/PB) disse ao ClickPB, em sua primeira\u00a0entrevista como governador que o Governo da Para\u00edba vai convocar mais 500 policias militares, aprovados no \u00faltimo concurso.<\/p>\n<p>Jo\u00e3o destacou que o concurso realizado em 2018 foi para 1000 vagas, sendo que 500 aprovados\u00a0foram convocados e os outros 500 ser\u00e3o chamados no decorrer deste ano.<\/p>\n<p>A entrevista completa com o governador voc\u00ea confere no Portal ClickPB\u00a0ainda nesta segunda feira.<\/p>\n<p>Cerca de 80 mil pessoas se inscreveram para o concurso, o que trouxe a marca do maior certame j\u00e1 realizado pela Pol\u00edcia Militar. Foram disponibilizadas vagas para distribui\u00e7\u00e3o nos tr\u00eas grandes comandos regionais, com o maior n\u00famero dispon\u00edvel para Campina Grande e regi\u00e3o, no caso da PM, alcan\u00e7ando 360 vagas.<\/p>\n","protected":false},"excerpt":{"rendered":"<p>O governador Jo\u00e3o Azevedo (PSB\/PB) disse ao ClickPB, em sua primeira\u00a0entrevista como governador que o Governo da Para\u00edba vai convocar mais 500 policias militares, aprovados&hellip; <\/p>\n","protected":false},"author":2,"featured_media":79922,"comment_status":"closed","ping_status":"closed","sticky":false,"template":"","format":"standard","meta":{"sfsi_plus_gutenberg_text_before_share":"","sfsi_plus_gutenberg_show_text_before_share":"","sfsi_plus_gutenberg_icon_type":"","sfsi_plus_gutenberg_icon_alignemt":"","sfsi_plus_gutenburg_max_per_row":"","footnotes":""},"categories":[11],"tags":[],"class_list":["post-79921","post","type-post","status-publish","format-standard","has-post-thumbnail","hentry","category-politica"],"_links":{"self":[{"href":"https:\/\/www.caririemacao.com\/1\/wp-json\/wp\/v2\/posts\/79921","targetHints":{"allow":["GET"]}}],"collection":[{"href":"https:\/\/www.caririemacao.com\/1\/wp-json\/wp\/v2\/posts"}],"about":[{"href":"https:\/\/www.caririemacao.com\/1\/wp-json\/wp\/v2\/types\/post"}],"author":[{"embeddable":true,"href":"https:\/\/www.caririemacao.com\/1\/wp-json\/wp\/v2\/users\/2"}],"replies":[{"embeddable":true,"href":"https:\/\/www.caririemacao.com\/1\/wp-json\/wp\/v2\/comments?post=79921"}],"version-history":[{"count":1,"href":"https:\/\/www.caririemacao.com\/1\/wp-json\/wp\/v2\/posts\/79921\/revisions"}],"predecessor-version":[{"id":79923,"href":"https:\/\/www.caririemacao.com\/1\/wp-json\/wp\/v2\/posts\/79921\/revisions\/79923"}],"wp:featuredmedia":[{"embeddable":true,"href":"https:\/\/www.caririemacao.com\/1\/wp-json\/wp\/v2\/media\/79922"}],"wp:attachment":[{"href":"https:\/\/www.caririemacao.com\/1\/wp-json\/wp\/v2\/media?parent=79921"}],"wp:term":[{"taxonomy":"category","embeddable":true,"href":"https:\/\/www.caririemacao.com\/1\/wp-json\/wp\/v2\/categories?post=79921"},{"taxonomy":"post_tag","embeddable":true,"href":"https:\/\/www.caririemacao.com\/1\/wp-json\/wp\/v2\/tags?post=79921"}],"curies":[{"name":"wp","href":"https:\/\/api.w.org\/{rel}","templated":true}]}}