{"id":79924,"date":"2019-01-07T19:03:25","date_gmt":"2019-01-07T22:03:25","guid":{"rendered":"http:\/\/www.caririemacao.com\/1\/?p=79924"},"modified":"2019-01-07T19:03:25","modified_gmt":"2019-01-07T22:03:25","slug":"joao-azevedo-revela-que-governo-da-pb-fara-mais-dois-concursos-publicos","status":"publish","type":"post","link":"https:\/\/www.caririemacao.com\/1\/2019\/01\/07\/joao-azevedo-revela-que-governo-da-pb-fara-mais-dois-concursos-publicos\/","title":{"rendered":"Jo\u00e3o Azev\u00eado revela que Governo da PB far\u00e1 mais dois concursos p\u00fablicos"},"content":{"rendered":"<p>O governador Jo\u00e3o Azevedo (PSB) nesta segunda-feira (7) que o Governo da Para\u00edba far\u00e1 mais dois concursos p\u00fablicos. O socialista disse que, al\u00e9m do concurso para 1.000 vagas para professores, a Procuradoria Geral do Estado e a Ag\u00eancia Executiva de Gest\u00e3o de \u00c1guas (AESA) tamb\u00e9m ter\u00e3o processos seletivos. Essa foi a primeira entrevista que Jo\u00e3o concede como governador.<\/p>\n<p>A entrevista completa com o governador ser\u00e1 disponibilizada ainda hoje no portal ClickPB.<\/p>\n","protected":false},"excerpt":{"rendered":"<p>O governador Jo\u00e3o Azevedo (PSB) nesta segunda-feira (7) que o Governo da Para\u00edba far\u00e1 mais dois concursos p\u00fablicos. O socialista disse que, al\u00e9m do concurso&hellip; <\/p>\n","protected":false},"author":2,"featured_media":77327,"comment_status":"closed","ping_status":"closed","sticky":false,"template":"","format":"standard","meta":{"sfsi_plus_gutenberg_text_before_share":"","sfsi_plus_gutenberg_show_text_before_share":"","sfsi_plus_gutenberg_icon_type":"","sfsi_plus_gutenberg_icon_alignemt":"","sfsi_plus_gutenburg_max_per_row":"","footnotes":""},"categories":[11],"tags":[],"class_list":["post-79924","post","type-post","status-publish","format-standard","has-post-thumbnail","hentry","category-politica"],"_links":{"self":[{"href":"https:\/\/www.caririemacao.com\/1\/wp-json\/wp\/v2\/posts\/79924","targetHints":{"allow":["GET"]}}],"collection":[{"href":"https:\/\/www.caririemacao.com\/1\/wp-json\/wp\/v2\/posts"}],"about":[{"href":"https:\/\/www.caririemacao.com\/1\/wp-json\/wp\/v2\/types\/post"}],"author":[{"embeddable":true,"href":"https:\/\/www.caririemacao.com\/1\/wp-json\/wp\/v2\/users\/2"}],"replies":[{"embeddable":true,"href":"https:\/\/www.caririemacao.com\/1\/wp-json\/wp\/v2\/comments?post=79924"}],"version-history":[{"count":1,"href":"https:\/\/www.caririemacao.com\/1\/wp-json\/wp\/v2\/posts\/79924\/revisions"}],"predecessor-version":[{"id":79925,"href":"https:\/\/www.caririemacao.com\/1\/wp-json\/wp\/v2\/posts\/79924\/revisions\/79925"}],"wp:featuredmedia":[{"embeddable":true,"href":"https:\/\/www.caririemacao.com\/1\/wp-json\/wp\/v2\/media\/77327"}],"wp:attachment":[{"href":"https:\/\/www.caririemacao.com\/1\/wp-json\/wp\/v2\/media?parent=79924"}],"wp:term":[{"taxonomy":"category","embeddable":true,"href":"https:\/\/www.caririemacao.com\/1\/wp-json\/wp\/v2\/categories?post=79924"},{"taxonomy":"post_tag","embeddable":true,"href":"https:\/\/www.caririemacao.com\/1\/wp-json\/wp\/v2\/tags?post=79924"}],"curies":[{"name":"wp","href":"https:\/\/api.w.org\/{rel}","templated":true}]}}