{"id":79933,"date":"2019-01-07T19:12:39","date_gmt":"2019-01-07T22:12:39","guid":{"rendered":"http:\/\/www.caririemacao.com\/1\/?p=79933"},"modified":"2019-01-07T19:12:39","modified_gmt":"2019-01-07T22:12:39","slug":"homem-morre-em-colisao-de-caminhao-com-moto-entre-barra-de-sao-miguel-e-santa-cruz-do-capibaribe","status":"publish","type":"post","link":"https:\/\/www.caririemacao.com\/1\/2019\/01\/07\/homem-morre-em-colisao-de-caminhao-com-moto-entre-barra-de-sao-miguel-e-santa-cruz-do-capibaribe\/","title":{"rendered":"Homem morre em colis\u00e3o de caminh\u00e3o com moto, entre Barra de S\u00e3o Miguel e Santa Cruz do Capibaribe"},"content":{"rendered":"<p><img fetchpriority=\"high\" decoding=\"async\" class=\"alignnone  wp-image-79934\" src=\"http:\/\/www.caririemacao.com\/1\/wp-content\/uploads\/2019\/01\/bbb.jpg\" alt=\"\" width=\"297\" height=\"326\" \/><\/p>\n<p>Um homem identificado por Francisco de Assis Sousa Santos, 53 anos, faleceu nesta segunda-feira (7), em um acidente com um caminh\u00e3o, na estrada do Par\u00e1, munic\u00edpio de Santa Cruz do Capibaribe.<\/p>\n<p>De acordo com testemunhas, o motorista do caminh\u00e3o fugiu do local sem prestar socorro.<\/p>\n<p>O Servi\u00e7o de Atendimento M\u00f3vel de Urg\u00eancia (Samu) foi acionado, mas, o condutor da moto, conhecido por Nego do Peixe, n\u00e3o resistiu aos ferimentos.<\/p>\n<p>&nbsp;<\/p>\n<p><em>Blog Bruno Lira<\/em><\/p>\n","protected":false},"excerpt":{"rendered":"<p>Um homem identificado por Francisco de Assis Sousa Santos, 53 anos, faleceu nesta segunda-feira (7), em um acidente com um caminh\u00e3o, na estrada do Par\u00e1,&hellip; <\/p>\n","protected":false},"author":2,"featured_media":41464,"comment_status":"closed","ping_status":"closed","sticky":false,"template":"","format":"standard","meta":{"sfsi_plus_gutenberg_text_before_share":"","sfsi_plus_gutenberg_show_text_before_share":"","sfsi_plus_gutenberg_icon_type":"","sfsi_plus_gutenberg_icon_alignemt":"","sfsi_plus_gutenburg_max_per_row":"","footnotes":""},"categories":[12],"tags":[],"class_list":["post-79933","post","type-post","status-publish","format-standard","has-post-thumbnail","hentry","category-policia"],"_links":{"self":[{"href":"https:\/\/www.caririemacao.com\/1\/wp-json\/wp\/v2\/posts\/79933","targetHints":{"allow":["GET"]}}],"collection":[{"href":"https:\/\/www.caririemacao.com\/1\/wp-json\/wp\/v2\/posts"}],"about":[{"href":"https:\/\/www.caririemacao.com\/1\/wp-json\/wp\/v2\/types\/post"}],"author":[{"embeddable":true,"href":"https:\/\/www.caririemacao.com\/1\/wp-json\/wp\/v2\/users\/2"}],"replies":[{"embeddable":true,"href":"https:\/\/www.caririemacao.com\/1\/wp-json\/wp\/v2\/comments?post=79933"}],"version-history":[{"count":1,"href":"https:\/\/www.caririemacao.com\/1\/wp-json\/wp\/v2\/posts\/79933\/revisions"}],"predecessor-version":[{"id":79935,"href":"https:\/\/www.caririemacao.com\/1\/wp-json\/wp\/v2\/posts\/79933\/revisions\/79935"}],"wp:featuredmedia":[{"embeddable":true,"href":"https:\/\/www.caririemacao.com\/1\/wp-json\/wp\/v2\/media\/41464"}],"wp:attachment":[{"href":"https:\/\/www.caririemacao.com\/1\/wp-json\/wp\/v2\/media?parent=79933"}],"wp:term":[{"taxonomy":"category","embeddable":true,"href":"https:\/\/www.caririemacao.com\/1\/wp-json\/wp\/v2\/categories?post=79933"},{"taxonomy":"post_tag","embeddable":true,"href":"https:\/\/www.caririemacao.com\/1\/wp-json\/wp\/v2\/tags?post=79933"}],"curies":[{"name":"wp","href":"https:\/\/api.w.org\/{rel}","templated":true}]}}