{"id":79936,"date":"2019-01-07T19:18:39","date_gmt":"2019-01-07T22:18:39","guid":{"rendered":"http:\/\/www.caririemacao.com\/1\/?p=79936"},"modified":"2019-01-07T19:18:39","modified_gmt":"2019-01-07T22:18:39","slug":"presidente-do-bb-nega-reduzir-credito-e-fechar-agencias","status":"publish","type":"post","link":"https:\/\/www.caririemacao.com\/1\/2019\/01\/07\/presidente-do-bb-nega-reduzir-credito-e-fechar-agencias\/","title":{"rendered":"Presidente do BB nega reduzir cr\u00e9dito e fechar ag\u00eancias"},"content":{"rendered":"<p>O rec\u00e9m-empossado presidente do Banco do Brasil, Rubem Novaes, disse hoje (7) que o banco p\u00fablico n\u00e3o tem \u201cnenhuma inten\u00e7\u00e3o\u201d de reduzir sua oferta de cr\u00e9dito no mercado e declarou que qualquer eventual fechamento de ag\u00eancias ainda ser\u00e1 objeto de estudos.<\/p>\n<p>Novaes deu as declara\u00e7\u00f5es ap\u00f3s a cerim\u00f4nia de transmiss\u00e3o de cargo na sede do banco, em Bras\u00edlia, ao ser questionado sobre uma fala do ministro da Economia, Paulo Guedes, que disse hoje ser preciso promover uma \u201cdesestatiza\u00e7\u00e3o do cr\u00e9dito\u201d.<\/p>\n<p>\u201cEle [Guedes] n\u00e3o falou do Banco do Brasil, ele falou de uma maneira geral, aumentar a competi\u00e7\u00e3o. N\u00e3o tem nenhum recado direto ao Banco do Brasil\u201d, disse Novaes. \u201cN\u00e3o est\u00e1 em cogita\u00e7\u00e3o [reduzir cr\u00e9dito]\u201d.<\/p>\n<div id=\"attachment_556673\" class=\"wp-caption aligncenter\"><img decoding=\"async\" class=\"wp-image-556673 size-full lazyload\" data-src=\"https:\/\/paraibaonline.com.br\/wp-content\/uploads\/2019\/01\/fcpzzp_abr_07011910159.jpg\" data-srcset=\"https:\/\/paraibaonline.com.br\/wp-content\/uploads\/2019\/01\/fcpzzp_abr_07011910159.jpg 1024w, https:\/\/paraibaonline.com.br\/wp-content\/uploads\/2019\/01\/fcpzzp_abr_07011910159-567x378.jpg 567w, https:\/\/paraibaonline.com.br\/wp-content\/uploads\/2019\/01\/fcpzzp_abr_07011910159-900x600.jpg 900w\" alt=\"\" src=\"data:image\/svg+xml;base64,PHN2ZyB3aWR0aD0iMSIgaGVpZ2h0PSIxIiB4bWxucz0iaHR0cDovL3d3dy53My5vcmcvMjAwMC9zdmciPjwvc3ZnPg==\" \/><\/p>\n<p class=\"wp-caption-text\">Foto: Ag\u00eancia Brasil<\/p>\n<\/div>\n<p>Sobre reestrutura\u00e7\u00f5es de pessoal ou um eventual fechamento de ag\u00eancias, Novaes disse que examinar\u00e1 estudos feitos por consultorias a respeito desses assuntos, mas acrescentou que \u201co banco tem que ter cuidado quando fala em fechar ag\u00eancias\u201d, devido ao papel que desempenha na interioriza\u00e7\u00e3o de servi\u00e7os banc\u00e1rios.<\/p>\n<p>\u201cEnxugamento de despesa \u00e9 objetivo de qualquer gestor, mas desde que isso n\u00e3o prejudique o funcionamento do banco. Reduzir despesa por reduzir despesa \u00e9 um mau princ\u00edpio\u201d, disse.<\/p>\n<p>Em rela\u00e7\u00e3o a uma eventual redu\u00e7\u00e3o dos juros no Brasil, Novaes disse se tratar de uma quest\u00e3o macroecon\u00f4mica, e que \u201co Banco do Brasil n\u00e3o vai resolver essa quest\u00e3o do juro\u201d.<\/p>\n<p>Desinvestimentos<br \/>\nNa entrevista, Novaes detalhou um pouco sobre desinvestimentos a serem promovidos pelo banco, que antes foram mencionados em seu discurso na cerim\u00f4nia de transmiss\u00e3o de cargo.<\/p>\n<p>O presidente do banco disse que o BB n\u00e3o perder\u00e1 controle sobre suas \u201cjoias\u201d, que n\u00e3o ser\u00e3o alvo de desinvestimento, sendo somente pass\u00edveis de abertura de capital ou de capta\u00e7\u00e3o de parceiros.<\/p>\n<p>\u201cA parte de administra\u00e7\u00e3o de fundos, a parte de meios de pagamento, a parte de seguridade, cr\u00e9dito para pessoa f\u00edsica e pequenas e m\u00e9dias empresas\u201d, respondeu ao ser indagado sobre quais seriam tais joias.<\/p>\n<p>&nbsp;<\/p>\n<p>Ag\u00eancia Brasil<\/p>\n","protected":false},"excerpt":{"rendered":"<p>O rec\u00e9m-empossado presidente do Banco do Brasil, Rubem Novaes, disse hoje (7) que o banco p\u00fablico n\u00e3o tem \u201cnenhuma inten\u00e7\u00e3o\u201d de reduzir sua oferta de&hellip; <\/p>\n","protected":false},"author":2,"featured_media":79937,"comment_status":"closed","ping_status":"closed","sticky":false,"template":"","format":"standard","meta":{"sfsi_plus_gutenberg_text_before_share":"","sfsi_plus_gutenberg_show_text_before_share":"","sfsi_plus_gutenberg_icon_type":"","sfsi_plus_gutenberg_icon_alignemt":"","sfsi_plus_gutenburg_max_per_row":"","footnotes":""},"categories":[11],"tags":[],"class_list":["post-79936","post","type-post","status-publish","format-standard","has-post-thumbnail","hentry","category-politica"],"_links":{"self":[{"href":"https:\/\/www.caririemacao.com\/1\/wp-json\/wp\/v2\/posts\/79936","targetHints":{"allow":["GET"]}}],"collection":[{"href":"https:\/\/www.caririemacao.com\/1\/wp-json\/wp\/v2\/posts"}],"about":[{"href":"https:\/\/www.caririemacao.com\/1\/wp-json\/wp\/v2\/types\/post"}],"author":[{"embeddable":true,"href":"https:\/\/www.caririemacao.com\/1\/wp-json\/wp\/v2\/users\/2"}],"replies":[{"embeddable":true,"href":"https:\/\/www.caririemacao.com\/1\/wp-json\/wp\/v2\/comments?post=79936"}],"version-history":[{"count":1,"href":"https:\/\/www.caririemacao.com\/1\/wp-json\/wp\/v2\/posts\/79936\/revisions"}],"predecessor-version":[{"id":79938,"href":"https:\/\/www.caririemacao.com\/1\/wp-json\/wp\/v2\/posts\/79936\/revisions\/79938"}],"wp:featuredmedia":[{"embeddable":true,"href":"https:\/\/www.caririemacao.com\/1\/wp-json\/wp\/v2\/media\/79937"}],"wp:attachment":[{"href":"https:\/\/www.caririemacao.com\/1\/wp-json\/wp\/v2\/media?parent=79936"}],"wp:term":[{"taxonomy":"category","embeddable":true,"href":"https:\/\/www.caririemacao.com\/1\/wp-json\/wp\/v2\/categories?post=79936"},{"taxonomy":"post_tag","embeddable":true,"href":"https:\/\/www.caririemacao.com\/1\/wp-json\/wp\/v2\/tags?post=79936"}],"curies":[{"name":"wp","href":"https:\/\/api.w.org\/{rel}","templated":true}]}}