{"id":79939,"date":"2019-01-07T19:22:18","date_gmt":"2019-01-07T22:22:18","guid":{"rendered":"http:\/\/www.caririemacao.com\/1\/?p=79939"},"modified":"2019-01-07T19:22:18","modified_gmt":"2019-01-07T22:22:18","slug":"bolsonaro-marca-a-segunda-reuniao-ministerial","status":"publish","type":"post","link":"https:\/\/www.caririemacao.com\/1\/2019\/01\/07\/bolsonaro-marca-a-segunda-reuniao-ministerial\/","title":{"rendered":"Bolsonaro marca a segunda reuni\u00e3o ministerial"},"content":{"rendered":"<p>Uma semana depois de assumir o governo, o presidente Jair Bolsonaro volta a reunir amanh\u00e3 (8) os 22 ministros.<\/p>\n<p>Ele quer ouvir cada um sobre os planos para este m\u00eas, eventuais propostas de enxugamento e perspectivas.<\/p>\n<p>Tamb\u00e9m estar\u00e1 em discuss\u00e3o o texto da reforma da Previd\u00eancia que dever\u00e1 ser apresentado ao Congresso Nacional.<\/p>\n<p>Na semana passada, o ministro da Economia, Paulo Guedes, recebeu a tarefa de Bolsonaro para elencar os principais pontos do texto que o governo pretende encaminhar aos parlamentares neste semestre.<\/p>\n<div id=\"attachment_556589\" class=\"wp-caption aligncenter\"><img decoding=\"async\" class=\"wp-image-556589 size-full lazyload\" data-src=\"https:\/\/paraibaonline.com.br\/wp-content\/uploads\/2019\/01\/reuni%C3%A3o-bolsonato.jpg\" data-srcset=\"https:\/\/paraibaonline.com.br\/wp-content\/uploads\/2019\/01\/reuni\u00e3o-bolsonato.jpg 754w, https:\/\/paraibaonline.com.br\/wp-content\/uploads\/2019\/01\/reuni\u00e3o-bolsonato-567x320.jpg 567w\" alt=\"Foto: Arquivo\/Marcos Corr\u00eaa\/PR\" src=\"data:image\/svg+xml;base64,PHN2ZyB3aWR0aD0iMSIgaGVpZ2h0PSIxIiB4bWxucz0iaHR0cDovL3d3dy53My5vcmcvMjAwMC9zdmciPjwvc3ZnPg==\" \/><\/p>\n<p class=\"wp-caption-text\">Foto: Arquivo\/Marcos Corr\u00eaa\/PR<\/p>\n<\/div>\n<p>Para o presidente, a proposta ideal deve incluir a fixa\u00e7\u00e3o de idade m\u00ednima, de forma gradual, para aposentadoria. Assim, os homens teriam piso de 62 anos e mulheres, 57.<\/p>\n<p>Varredura<br \/>\nOutra miss\u00e3o repassada a todos os minist\u00e9rios foi uma lista de medidas que cada ministro pretende colocar em pr\u00e1tica j\u00e1 nas pr\u00f3ximas semanas e uma varredura nas contas de cada pasta e an\u00e1lise, principalmente, dos gastos feitos nos \u00faltimos dias da gest\u00e3o Michel Temer.<\/p>\n<p>A equipe de Bolsonaro identificou \u201cuma movimenta\u00e7\u00e3o incomum de exonera\u00e7\u00f5es e nomea\u00e7\u00f5es e recursos destinados a minist\u00e9rios\u201d.<\/p>\n<p>Com isso, o recado para os ministros foi o levantamento de atos e gastos dos \u00faltimos 30 dias. Pelo menos parte desses relat\u00f3rios deve ser apresentada no encontro desta ter\u00e7a-feira.<\/p>\n<p>&nbsp;<\/p>\n<p>EBC<\/p>\n","protected":false},"excerpt":{"rendered":"<p>Uma semana depois de assumir o governo, o presidente Jair Bolsonaro volta a reunir amanh\u00e3 (8) os 22 ministros. Ele quer ouvir cada um sobre&hellip; <\/p>\n","protected":false},"author":2,"featured_media":79940,"comment_status":"closed","ping_status":"closed","sticky":false,"template":"","format":"standard","meta":{"sfsi_plus_gutenberg_text_before_share":"","sfsi_plus_gutenberg_show_text_before_share":"","sfsi_plus_gutenberg_icon_type":"","sfsi_plus_gutenberg_icon_alignemt":"","sfsi_plus_gutenburg_max_per_row":"","footnotes":""},"categories":[11],"tags":[],"class_list":["post-79939","post","type-post","status-publish","format-standard","has-post-thumbnail","hentry","category-politica"],"_links":{"self":[{"href":"https:\/\/www.caririemacao.com\/1\/wp-json\/wp\/v2\/posts\/79939","targetHints":{"allow":["GET"]}}],"collection":[{"href":"https:\/\/www.caririemacao.com\/1\/wp-json\/wp\/v2\/posts"}],"about":[{"href":"https:\/\/www.caririemacao.com\/1\/wp-json\/wp\/v2\/types\/post"}],"author":[{"embeddable":true,"href":"https:\/\/www.caririemacao.com\/1\/wp-json\/wp\/v2\/users\/2"}],"replies":[{"embeddable":true,"href":"https:\/\/www.caririemacao.com\/1\/wp-json\/wp\/v2\/comments?post=79939"}],"version-history":[{"count":1,"href":"https:\/\/www.caririemacao.com\/1\/wp-json\/wp\/v2\/posts\/79939\/revisions"}],"predecessor-version":[{"id":79941,"href":"https:\/\/www.caririemacao.com\/1\/wp-json\/wp\/v2\/posts\/79939\/revisions\/79941"}],"wp:featuredmedia":[{"embeddable":true,"href":"https:\/\/www.caririemacao.com\/1\/wp-json\/wp\/v2\/media\/79940"}],"wp:attachment":[{"href":"https:\/\/www.caririemacao.com\/1\/wp-json\/wp\/v2\/media?parent=79939"}],"wp:term":[{"taxonomy":"category","embeddable":true,"href":"https:\/\/www.caririemacao.com\/1\/wp-json\/wp\/v2\/categories?post=79939"},{"taxonomy":"post_tag","embeddable":true,"href":"https:\/\/www.caririemacao.com\/1\/wp-json\/wp\/v2\/tags?post=79939"}],"curies":[{"name":"wp","href":"https:\/\/api.w.org\/{rel}","templated":true}]}}