{"id":80231,"date":"2019-01-08T01:20:27","date_gmt":"2019-01-08T04:20:27","guid":{"rendered":"http:\/\/www.caririemacao.com\/1\/?p=80231"},"modified":"2019-01-08T01:20:27","modified_gmt":"2019-01-08T04:20:27","slug":"chuva-com-forte-intensidade-e-registrada-na-tarde-desta-segunda-07-em-monteiro","status":"publish","type":"post","link":"https:\/\/www.caririemacao.com\/1\/2019\/01\/08\/chuva-com-forte-intensidade-e-registrada-na-tarde-desta-segunda-07-em-monteiro\/","title":{"rendered":"Chuva com forte intensidade \u00e9 registrada na tarde desta segunda (07) em Monteiro"},"content":{"rendered":"<p>A capital do Cariri paraibano, Monteiro, registrou chuva com forte intensidade no final da tarde desta segunda-feira (07).<br \/>\nOs moradores da cidade comemoraram a chegada da chuva pelas redes sociais compartilhando fotos e v\u00eddeos.<\/p>\n<div id=\"quads-ad4\" class=\"quads-location quads-ad4\"><\/div>\n<p>Os os dados pluviom\u00e9tricos n\u00e3o foram divulgados oficialmente at\u00e9 o fechamento da mat\u00e9ria, mais a quantidade foi suficiente para alagar as ruas da cidade e renovar a esperan\u00e7a do sertanejo que se refaz cada vez que a chuva cai do c\u00e9u nas terras Caririzeiras.<\/p>\n<h2>PREVIS\u00c3O<\/h2>\n<p>De acordo com dados do Google Tempo a cidade dever\u00e1 registra chuva nesta ter\u00e7a-feira (08) por volta das 15h:00, a temperatura varia entre min 20\u00bac e max 32\u00bac.<\/p>\n<p>T<strong>V CARIRI<\/strong><\/p>\n","protected":false},"excerpt":{"rendered":"<p>A capital do Cariri paraibano, Monteiro, registrou chuva com forte intensidade no final da tarde desta segunda-feira (07). Os moradores da cidade comemoraram a chegada&hellip; <\/p>\n","protected":false},"author":2,"featured_media":80232,"comment_status":"closed","ping_status":"closed","sticky":false,"template":"","format":"standard","meta":{"sfsi_plus_gutenberg_text_before_share":"","sfsi_plus_gutenberg_show_text_before_share":"","sfsi_plus_gutenberg_icon_type":"","sfsi_plus_gutenberg_icon_alignemt":"","sfsi_plus_gutenburg_max_per_row":"","footnotes":""},"categories":[50,2],"tags":[],"class_list":["post-80231","post","type-post","status-publish","format-standard","has-post-thumbnail","hentry","category-destaque","category-geral"],"_links":{"self":[{"href":"https:\/\/www.caririemacao.com\/1\/wp-json\/wp\/v2\/posts\/80231","targetHints":{"allow":["GET"]}}],"collection":[{"href":"https:\/\/www.caririemacao.com\/1\/wp-json\/wp\/v2\/posts"}],"about":[{"href":"https:\/\/www.caririemacao.com\/1\/wp-json\/wp\/v2\/types\/post"}],"author":[{"embeddable":true,"href":"https:\/\/www.caririemacao.com\/1\/wp-json\/wp\/v2\/users\/2"}],"replies":[{"embeddable":true,"href":"https:\/\/www.caririemacao.com\/1\/wp-json\/wp\/v2\/comments?post=80231"}],"version-history":[{"count":1,"href":"https:\/\/www.caririemacao.com\/1\/wp-json\/wp\/v2\/posts\/80231\/revisions"}],"predecessor-version":[{"id":80233,"href":"https:\/\/www.caririemacao.com\/1\/wp-json\/wp\/v2\/posts\/80231\/revisions\/80233"}],"wp:featuredmedia":[{"embeddable":true,"href":"https:\/\/www.caririemacao.com\/1\/wp-json\/wp\/v2\/media\/80232"}],"wp:attachment":[{"href":"https:\/\/www.caririemacao.com\/1\/wp-json\/wp\/v2\/media?parent=80231"}],"wp:term":[{"taxonomy":"category","embeddable":true,"href":"https:\/\/www.caririemacao.com\/1\/wp-json\/wp\/v2\/categories?post=80231"},{"taxonomy":"post_tag","embeddable":true,"href":"https:\/\/www.caririemacao.com\/1\/wp-json\/wp\/v2\/tags?post=80231"}],"curies":[{"name":"wp","href":"https:\/\/api.w.org\/{rel}","templated":true}]}}