{"id":80244,"date":"2019-01-08T12:13:27","date_gmt":"2019-01-08T15:13:27","guid":{"rendered":"http:\/\/www.caririemacao.com\/1\/?p=80244"},"modified":"2019-01-08T12:18:59","modified_gmt":"2019-01-08T15:18:59","slug":"prefeitura-de-prata-encerra-programacao-dos-60-anos-com-festa-em-praca-publica","status":"publish","type":"post","link":"https:\/\/www.caririemacao.com\/1\/2019\/01\/08\/prefeitura-de-prata-encerra-programacao-dos-60-anos-com-festa-em-praca-publica\/","title":{"rendered":"Prefeitura de Prata encerra programa\u00e7\u00e3o dos 60 anos com festa em pra\u00e7a p\u00fablica"},"content":{"rendered":"<p>A Prefeitura de Prata encerrou nesta segunda-feira, dia 07, as comemora\u00e7\u00f5es dos 60 anos de Emancipa\u00e7\u00e3o Politica do munic\u00edpio.A programa\u00e7\u00e3o come\u00e7ou pela com corridas de pedestre e ciclismo, encerrando a noite com shows em pra\u00e7a p\u00fablica.<\/p>\n<p>A noite come\u00e7ou com o DJ TREME TREME, em seguida a dupla Anny Monteiro &amp; Leyno Dickson cantou grandes sucessos, fazendo todo mundo dan\u00e7ar e se apaixonar. Em seguida, o DJ Nandinho agitou o p\u00fablico com m\u00fasicas que fazem sucesso na atualidade.<\/p>\n<p><img fetchpriority=\"high\" decoding=\"async\" class=\"alignnone wp-image-80248 size-large\" src=\"http:\/\/www.caririemacao.com\/1\/wp-content\/uploads\/2019\/01\/DSC_5936-1024x678.jpg\" alt=\"\" width=\"800\" height=\"530\" srcset=\"https:\/\/www.caririemacao.com\/1\/wp-content\/uploads\/2019\/01\/DSC_5936-1024x678.jpg 1024w, https:\/\/www.caririemacao.com\/1\/wp-content\/uploads\/2019\/01\/DSC_5936-300x199.jpg 300w, https:\/\/www.caririemacao.com\/1\/wp-content\/uploads\/2019\/01\/DSC_5936-768x509.jpg 768w, https:\/\/www.caririemacao.com\/1\/wp-content\/uploads\/2019\/01\/DSC_5936.jpg 1280w\" sizes=\"(max-width: 800px) 100vw, 800px\" \/><\/p>\n<p>J\u00e1 em seguida, subiu ao palco o cantor Ronaldo Nogueira &amp; Forr\u00f3 Chamagado, encerrando assim,\u00a0a programa\u00e7\u00e3o do anivers\u00e1rio de Prata.<\/p>\n<p><img decoding=\"async\" class=\"alignnone wp-image-80250 size-large lazyload\" data-src=\"http:\/\/www.caririemacao.com\/1\/wp-content\/uploads\/2019\/01\/IMG_2149-1024x682.jpg\" alt=\"\" width=\"800\" height=\"533\" data-srcset=\"https:\/\/www.caririemacao.com\/1\/wp-content\/uploads\/2019\/01\/IMG_2149-1024x682.jpg 1024w, https:\/\/www.caririemacao.com\/1\/wp-content\/uploads\/2019\/01\/IMG_2149-300x200.jpg 300w, https:\/\/www.caririemacao.com\/1\/wp-content\/uploads\/2019\/01\/IMG_2149-768x512.jpg 768w, https:\/\/www.caririemacao.com\/1\/wp-content\/uploads\/2019\/01\/IMG_2149.jpg 1280w\" data-sizes=\"(max-width: 800px) 100vw, 800px\" src=\"data:image\/svg+xml;base64,PHN2ZyB3aWR0aD0iMSIgaGVpZ2h0PSIxIiB4bWxucz0iaHR0cDovL3d3dy53My5vcmcvMjAwMC9zdmciPjwvc3ZnPg==\" style=\"--smush-placeholder-width: 800px; --smush-placeholder-aspect-ratio: 800\/533;\" \/><\/p>\n<p>\u201cNosso munic\u00edpio fez seus 60 anos e fizemos, dentro das nossas possibilidades financeiras, uma grande festa para comemorar o anivers\u00e1rio da \u201cPrincesinha do Cariri\u201d, encerrou J\u00fanior N\u00f3brega, prefeito do munic\u00edpio.<\/p>\n<p><img decoding=\"async\" class=\"alignnone wp-image-80246 size-large lazyload\" data-src=\"http:\/\/www.caririemacao.com\/1\/wp-content\/uploads\/2019\/01\/DSC_0343-1024x682.jpg\" alt=\"\" width=\"800\" height=\"533\" data-srcset=\"https:\/\/www.caririemacao.com\/1\/wp-content\/uploads\/2019\/01\/DSC_0343-1024x682.jpg 1024w, https:\/\/www.caririemacao.com\/1\/wp-content\/uploads\/2019\/01\/DSC_0343-300x200.jpg 300w, https:\/\/www.caririemacao.com\/1\/wp-content\/uploads\/2019\/01\/DSC_0343-768x512.jpg 768w, https:\/\/www.caririemacao.com\/1\/wp-content\/uploads\/2019\/01\/DSC_0343.jpg 1280w\" data-sizes=\"(max-width: 800px) 100vw, 800px\" src=\"data:image\/svg+xml;base64,PHN2ZyB3aWR0aD0iMSIgaGVpZ2h0PSIxIiB4bWxucz0iaHR0cDovL3d3dy53My5vcmcvMjAwMC9zdmciPjwvc3ZnPg==\" style=\"--smush-placeholder-width: 800px; --smush-placeholder-aspect-ratio: 800\/533;\" \/><\/p>\n<p><img decoding=\"async\" class=\"alignnone wp-image-80245 size-large lazyload\" data-src=\"http:\/\/www.caririemacao.com\/1\/wp-content\/uploads\/2019\/01\/DSC_0298-1024x682.jpg\" alt=\"\" width=\"800\" height=\"533\" data-srcset=\"https:\/\/www.caririemacao.com\/1\/wp-content\/uploads\/2019\/01\/DSC_0298-1024x682.jpg 1024w, https:\/\/www.caririemacao.com\/1\/wp-content\/uploads\/2019\/01\/DSC_0298-300x200.jpg 300w, https:\/\/www.caririemacao.com\/1\/wp-content\/uploads\/2019\/01\/DSC_0298-768x512.jpg 768w, https:\/\/www.caririemacao.com\/1\/wp-content\/uploads\/2019\/01\/DSC_0298.jpg 1280w\" data-sizes=\"(max-width: 800px) 100vw, 800px\" src=\"data:image\/svg+xml;base64,PHN2ZyB3aWR0aD0iMSIgaGVpZ2h0PSIxIiB4bWxucz0iaHR0cDovL3d3dy53My5vcmcvMjAwMC9zdmciPjwvc3ZnPg==\" style=\"--smush-placeholder-width: 800px; --smush-placeholder-aspect-ratio: 800\/533;\" \/><\/p>\n<p><a href=\"https:\/\/www.facebook.com\/media\/set\/?set=a.1449685161834169&amp;type=1&amp;l=498e3d8eb0\">CLIQUE AQUI E VEJA TODAS AS FOTOS.<\/a><\/p>\n<p><div class=\"ose- ose-uid-cb66191136e856743b224835974a611b ose-embedpress-responsive\" style=\"width:600px; height:550px; max-height:550px; max-width:100%; display:inline-block;\" data-embed-type=\"Facebook\"><iframe allowFullScreen=\"true\" class=\"embera-facebook-iframe-1c870 lazyload\" data-src=\"https:\/\/www.facebook.com\/plugins\/post.php?href=https%3A%2F%2Fwww.facebook.com%2Fmedia%2Fset%2F%3Fset%3Da.1449685161834169%26%23038%3Btype%3D1%26%23038%3Bl%3D498e3d8eb0&width=600&height=550&show_text=true\" width=\"600\" height=\"550\" style=\"border:none;overflow:hidden\" scrolling=\"no\" frameborder=\"0\" allowTransparency=\"true\" src=\"data:image\/svg+xml;base64,PHN2ZyB3aWR0aD0iMSIgaGVpZ2h0PSIxIiB4bWxucz0iaHR0cDovL3d3dy53My5vcmcvMjAwMC9zdmciPjwvc3ZnPg==\" data-load-mode=\"1\"><\/iframe><\/div><\/p>\n","protected":false},"excerpt":{"rendered":"<p>A Prefeitura de Prata encerrou nesta segunda-feira, dia 07, as comemora\u00e7\u00f5es dos 60 anos de Emancipa\u00e7\u00e3o Politica do munic\u00edpio.A programa\u00e7\u00e3o come\u00e7ou pela com corridas de&hellip; <\/p>\n","protected":false},"author":2,"featured_media":80249,"comment_status":"closed","ping_status":"closed","sticky":false,"template":"","format":"standard","meta":{"sfsi_plus_gutenberg_text_before_share":"","sfsi_plus_gutenberg_show_text_before_share":"","sfsi_plus_gutenberg_icon_type":"","sfsi_plus_gutenberg_icon_alignemt":"","sfsi_plus_gutenburg_max_per_row":"","footnotes":""},"categories":[6],"tags":[],"class_list":["post-80244","post","type-post","status-publish","format-standard","has-post-thumbnail","hentry","category-cidades"],"_links":{"self":[{"href":"https:\/\/www.caririemacao.com\/1\/wp-json\/wp\/v2\/posts\/80244","targetHints":{"allow":["GET"]}}],"collection":[{"href":"https:\/\/www.caririemacao.com\/1\/wp-json\/wp\/v2\/posts"}],"about":[{"href":"https:\/\/www.caririemacao.com\/1\/wp-json\/wp\/v2\/types\/post"}],"author":[{"embeddable":true,"href":"https:\/\/www.caririemacao.com\/1\/wp-json\/wp\/v2\/users\/2"}],"replies":[{"embeddable":true,"href":"https:\/\/www.caririemacao.com\/1\/wp-json\/wp\/v2\/comments?post=80244"}],"version-history":[{"count":2,"href":"https:\/\/www.caririemacao.com\/1\/wp-json\/wp\/v2\/posts\/80244\/revisions"}],"predecessor-version":[{"id":80385,"href":"https:\/\/www.caririemacao.com\/1\/wp-json\/wp\/v2\/posts\/80244\/revisions\/80385"}],"wp:featuredmedia":[{"embeddable":true,"href":"https:\/\/www.caririemacao.com\/1\/wp-json\/wp\/v2\/media\/80249"}],"wp:attachment":[{"href":"https:\/\/www.caririemacao.com\/1\/wp-json\/wp\/v2\/media?parent=80244"}],"wp:term":[{"taxonomy":"category","embeddable":true,"href":"https:\/\/www.caririemacao.com\/1\/wp-json\/wp\/v2\/categories?post=80244"},{"taxonomy":"post_tag","embeddable":true,"href":"https:\/\/www.caririemacao.com\/1\/wp-json\/wp\/v2\/tags?post=80244"}],"curies":[{"name":"wp","href":"https:\/\/api.w.org\/{rel}","templated":true}]}}