{"id":80277,"date":"2019-01-08T10:15:53","date_gmt":"2019-01-08T13:15:53","guid":{"rendered":"http:\/\/www.caririemacao.com\/1\/?p=80277"},"modified":"2019-01-08T10:15:53","modified_gmt":"2019-01-08T13:15:53","slug":"divulgado-resultado-da-prova-de-estagio-em-direito-no-mpf-da-unidade-de-monteiro","status":"publish","type":"post","link":"https:\/\/www.caririemacao.com\/1\/2019\/01\/08\/divulgado-resultado-da-prova-de-estagio-em-direito-no-mpf-da-unidade-de-monteiro\/","title":{"rendered":"Divulgado resultado da prova de est\u00e1gio em Direito no MPF da unidade de Monteiro"},"content":{"rendered":"<p>O Minist\u00e9rio P\u00fablico Federal (MPF) divulgou, nesta segunda-feira (7), o resultado da prova objetiva de est\u00e1gio em Direito para a unidade de Monteiro, no Cariri paraibano.<\/p>\n<p><a href=\"http:\/\/www.mpf.mp.br\/pb\/estagie-conosco\/selecao-de-direito-2018-monteiro\/edital-no-01-2019-resultado-da-prova-subjetiva-da-selecao-de-direito-2018-monteiro\/view\" target=\"_blank\" rel=\"noopener\"><strong>Veja aqui<\/strong><\/a><\/p>\n<p>Os candidatos t\u00eam prazo recursal de dois dias referente \u00e0 contagem dos pontos que definiu a listagem dos aprovados.<\/p>\n","protected":false},"excerpt":{"rendered":"<p>O Minist\u00e9rio P\u00fablico Federal (MPF) divulgou, nesta segunda-feira (7), o resultado da prova objetiva de est\u00e1gio em Direito para a unidade de Monteiro, no Cariri&hellip; <\/p>\n","protected":false},"author":1,"featured_media":32749,"comment_status":"closed","ping_status":"closed","sticky":false,"template":"","format":"standard","meta":{"sfsi_plus_gutenberg_text_before_share":"","sfsi_plus_gutenberg_show_text_before_share":"","sfsi_plus_gutenberg_icon_type":"","sfsi_plus_gutenberg_icon_alignemt":"","sfsi_plus_gutenburg_max_per_row":"","footnotes":""},"categories":[2],"tags":[],"class_list":["post-80277","post","type-post","status-publish","format-standard","has-post-thumbnail","hentry","category-geral"],"_links":{"self":[{"href":"https:\/\/www.caririemacao.com\/1\/wp-json\/wp\/v2\/posts\/80277","targetHints":{"allow":["GET"]}}],"collection":[{"href":"https:\/\/www.caririemacao.com\/1\/wp-json\/wp\/v2\/posts"}],"about":[{"href":"https:\/\/www.caririemacao.com\/1\/wp-json\/wp\/v2\/types\/post"}],"author":[{"embeddable":true,"href":"https:\/\/www.caririemacao.com\/1\/wp-json\/wp\/v2\/users\/1"}],"replies":[{"embeddable":true,"href":"https:\/\/www.caririemacao.com\/1\/wp-json\/wp\/v2\/comments?post=80277"}],"version-history":[{"count":1,"href":"https:\/\/www.caririemacao.com\/1\/wp-json\/wp\/v2\/posts\/80277\/revisions"}],"predecessor-version":[{"id":80278,"href":"https:\/\/www.caririemacao.com\/1\/wp-json\/wp\/v2\/posts\/80277\/revisions\/80278"}],"wp:featuredmedia":[{"embeddable":true,"href":"https:\/\/www.caririemacao.com\/1\/wp-json\/wp\/v2\/media\/32749"}],"wp:attachment":[{"href":"https:\/\/www.caririemacao.com\/1\/wp-json\/wp\/v2\/media?parent=80277"}],"wp:term":[{"taxonomy":"category","embeddable":true,"href":"https:\/\/www.caririemacao.com\/1\/wp-json\/wp\/v2\/categories?post=80277"},{"taxonomy":"post_tag","embeddable":true,"href":"https:\/\/www.caririemacao.com\/1\/wp-json\/wp\/v2\/tags?post=80277"}],"curies":[{"name":"wp","href":"https:\/\/api.w.org\/{rel}","templated":true}]}}