{"id":80286,"date":"2019-01-08T10:21:32","date_gmt":"2019-01-08T13:21:32","guid":{"rendered":"http:\/\/www.caririemacao.com\/1\/?p=80286"},"modified":"2019-01-08T10:21:32","modified_gmt":"2019-01-08T13:21:32","slug":"embriagado-filho-agride-o-proprio-pai-em-distrito-de-campina-grande","status":"publish","type":"post","link":"https:\/\/www.caririemacao.com\/1\/2019\/01\/08\/embriagado-filho-agride-o-proprio-pai-em-distrito-de-campina-grande\/","title":{"rendered":"Embriagado, filho agride o pr\u00f3prio pai em distrito de Campina Grande"},"content":{"rendered":"<p>Um homem foi preso e est\u00e1 sendo acusado de agredir o pr\u00f3prio pai no distrito de Galante, munic\u00edpio de Campina Grande.<\/p>\n<p>O filho teria chegando na casa dos pais embriagado e tentado quebrar o celular da m\u00e3e. Ao tentar controlar o acusado, o pai, um aposentado de 85 anos, foi agredido com pedradas no rosto.<\/p>\n<p>A v\u00edtima chamou a pol\u00edcia, que deteve acusado em flagrante. Ele foi encaminhado \u00e0 Central de Pol\u00edcia, onde aguarda passar por audi\u00eancia de cust\u00f3dia.<\/p>\n<p>A fam\u00edlia relatou que essa n\u00e3o foi a primeira vez que o acusado agrediu os pais.<\/p>\n<p>&nbsp;<\/p>\n<p>TV Itarar\u00e9.<\/p>\n","protected":false},"excerpt":{"rendered":"<p>Um homem foi preso e est\u00e1 sendo acusado de agredir o pr\u00f3prio pai no distrito de Galante, munic\u00edpio de Campina Grande. O filho teria chegando&hellip; <\/p>\n","protected":false},"author":1,"featured_media":25307,"comment_status":"closed","ping_status":"closed","sticky":false,"template":"","format":"standard","meta":{"sfsi_plus_gutenberg_text_before_share":"","sfsi_plus_gutenberg_show_text_before_share":"","sfsi_plus_gutenberg_icon_type":"","sfsi_plus_gutenberg_icon_alignemt":"","sfsi_plus_gutenburg_max_per_row":"","footnotes":""},"categories":[12],"tags":[],"class_list":["post-80286","post","type-post","status-publish","format-standard","has-post-thumbnail","hentry","category-policia"],"_links":{"self":[{"href":"https:\/\/www.caririemacao.com\/1\/wp-json\/wp\/v2\/posts\/80286","targetHints":{"allow":["GET"]}}],"collection":[{"href":"https:\/\/www.caririemacao.com\/1\/wp-json\/wp\/v2\/posts"}],"about":[{"href":"https:\/\/www.caririemacao.com\/1\/wp-json\/wp\/v2\/types\/post"}],"author":[{"embeddable":true,"href":"https:\/\/www.caririemacao.com\/1\/wp-json\/wp\/v2\/users\/1"}],"replies":[{"embeddable":true,"href":"https:\/\/www.caririemacao.com\/1\/wp-json\/wp\/v2\/comments?post=80286"}],"version-history":[{"count":1,"href":"https:\/\/www.caririemacao.com\/1\/wp-json\/wp\/v2\/posts\/80286\/revisions"}],"predecessor-version":[{"id":80290,"href":"https:\/\/www.caririemacao.com\/1\/wp-json\/wp\/v2\/posts\/80286\/revisions\/80290"}],"wp:featuredmedia":[{"embeddable":true,"href":"https:\/\/www.caririemacao.com\/1\/wp-json\/wp\/v2\/media\/25307"}],"wp:attachment":[{"href":"https:\/\/www.caririemacao.com\/1\/wp-json\/wp\/v2\/media?parent=80286"}],"wp:term":[{"taxonomy":"category","embeddable":true,"href":"https:\/\/www.caririemacao.com\/1\/wp-json\/wp\/v2\/categories?post=80286"},{"taxonomy":"post_tag","embeddable":true,"href":"https:\/\/www.caririemacao.com\/1\/wp-json\/wp\/v2\/tags?post=80286"}],"curies":[{"name":"wp","href":"https:\/\/api.w.org\/{rel}","templated":true}]}}