{"id":80294,"date":"2019-01-08T10:26:39","date_gmt":"2019-01-08T13:26:39","guid":{"rendered":"http:\/\/www.caririemacao.com\/1\/?p=80294"},"modified":"2019-01-08T10:26:39","modified_gmt":"2019-01-08T13:26:39","slug":"mais-ataques-criminosos-sao-registrados-em-fortaleza-durante-a-madrugada","status":"publish","type":"post","link":"https:\/\/www.caririemacao.com\/1\/2019\/01\/08\/mais-ataques-criminosos-sao-registrados-em-fortaleza-durante-a-madrugada\/","title":{"rendered":"Mais ataques criminosos s\u00e3o registrados em Fortaleza durante a madrugada"},"content":{"rendered":"<p><!------------------->\u00a0\u00a0\u00a0\u00a0\u00a0\u00a0\u00a0<!--banner-editoria-->\u00a0\u00a0\u00a0\u00a0\u00a0\u00a0\u00a0<!------------------->\u00a0\u00a0\u00a0\u00a0\u00a0\u00a0\u00a0\u00a0\u00a0\u00a0\u00a0\u00a0\u00a0<!------------------->\u00a0\u00a0\u00a0\u00a0\u00a0\u00a0\u00a0<!-------fim--------->\u00a0\u00a0\u00a0\u00a0\u00a0\u00a0\u00a0<!------------------->\u00a0\u00a0\u00a0\u00a0\u00a0\u00a0\u00a0<!--conte\u00fado--><\/p>\n<div class=\"content\">\n<p>Pelo menos quatro \u00f4nibus foram incendiados durante a madrugada desta ter\u00e7a-feira (8) na regi\u00e3o metropolitana de Fortaleza. \u00c9 o sexto dia consecutivo da onda de viol\u00eancia que atinge o Cear\u00e1.<\/p>\n<p>Dois desses ataques ocorreram contra coletivos que faziam linhas de transporte da madrugada em bairros de Messejana, em Fortaleza.<\/p>\n<p>Outra ocorr\u00eancia foi notificada no munic\u00edpio de Aracati, regi\u00e3o metropolitana, onde bandidos atearam fogo em um \u00f4nibus da prefeitura, que estava estacionado na rodovi\u00e1ria da cidade.<\/p>\n<p>Tamb\u00e9m foi registrado inc\u00eandio em um micro-\u00f4nibus que transportava passageiros em Maranguape, outro munic\u00edpio da regi\u00e3o metropolitana.<\/p>\n<div id=\"attachment_556905\" class=\"wp-caption aligncenter\"><img decoding=\"async\" class=\"wp-image-556905 size-full lazyload\" data-src=\"https:\/\/paraibaonline.com.br\/wp-content\/uploads\/2019\/01\/forca-nacional0801.jpg\" data-srcset=\"https:\/\/paraibaonline.com.br\/wp-content\/uploads\/2019\/01\/forca-nacional0801.jpg 754w, https:\/\/paraibaonline.com.br\/wp-content\/uploads\/2019\/01\/forca-nacional0801-567x378.jpg 567w\" alt=\"Jos\u00e9 Cruz\/Ag\u00eancia Brasil\" src=\"data:image\/svg+xml;base64,PHN2ZyB3aWR0aD0iMSIgaGVpZ2h0PSIxIiB4bWxucz0iaHR0cDovL3d3dy53My5vcmcvMjAwMC9zdmciPjwvc3ZnPg==\" \/><\/p>\n<p class=\"wp-caption-text\">Foto: Jos\u00e9 Cruz\/Ag\u00eancia Brasil<\/p>\n<\/div>\n<p>As empresas de transporte p\u00fablico que operam na Grande Fortaleza chegaram a tirar os ve\u00edculos de circula\u00e7\u00e3o durante a madrugada, mas o transporte foi retomado no in\u00edcio da manh\u00e3.<\/p>\n<p>Al\u00e9m dos ataques contra o transporte p\u00fablico, a imprensa local informa que um carro de uma autoescola foi queimado com dois ocupantes dentro do ve\u00edculo, no Conjunto S\u00e3o Crist\u00f3v\u00e3o, no Bairro Jangurussu, em Fortaleza.<\/p>\n<p>Ambos ficaram feridos, mas sem risco de morte. N\u00e3o h\u00e1 outros detalhes sobre o estado de sa\u00fade dos dois ocupantes.<\/p>\n<p>Uma crian\u00e7a de 5 anos morreu ap\u00f3s ser baleada na noite de ontem (7), em Eus\u00e9bio, cidade da regi\u00e3o metropolitana de Fortaleza. Um jovem de 15 anos tamb\u00e9m foi atingido e segue internado.<\/p>\n<p>N\u00e3o h\u00e1 informa\u00e7\u00f5es sobre a motiva\u00e7\u00e3o do crime nem se teria alguma rela\u00e7\u00e3o com os ataques que v\u00eam ocorrendo no estado.<\/p>\n<p>Criminosos tamb\u00e9m tentaram explodir a Ponte dos Tapebas, localizada na BR-222, no munic\u00edpio de Caucaia, na regi\u00e3o metropolitana, por volta das 2h. A explos\u00e3o danificou parte do piso da ponte, fazendo um buraco no local.<\/p>\n<div id=\"attachment_556904\" class=\"wp-caption aligncenter\"><img decoding=\"async\" class=\"wp-image-556904 size-full lazyload\" data-src=\"https:\/\/paraibaonline.com.br\/wp-content\/uploads\/2019\/01\/loja-queimada0801.jpg\" data-srcset=\"https:\/\/paraibaonline.com.br\/wp-content\/uploads\/2019\/01\/loja-queimada0801.jpg 754w, https:\/\/paraibaonline.com.br\/wp-content\/uploads\/2019\/01\/loja-queimada0801-567x378.jpg 567w\" alt=\"\" src=\"data:image\/svg+xml;base64,PHN2ZyB3aWR0aD0iMSIgaGVpZ2h0PSIxIiB4bWxucz0iaHR0cDovL3d3dy53My5vcmcvMjAwMC9zdmciPjwvc3ZnPg==\" \/><\/p>\n<p class=\"wp-caption-text\">Loja de revenda de motocicletas foi atacada por criminosos, em Fortaleza (Foto: Jos\u00e9 Cruz\/Ag\u00eancia Brasil)<\/p>\n<\/div>\n<p>Com mais esses ataques, subiu para 160 o n\u00famero de ocorr\u00eancias notificadas contra ve\u00edculos, pr\u00e9dios p\u00fablicos e com\u00e9rcios desde o in\u00edcio da crise na seguran\u00e7a p\u00fablica do estado, na semana passada.<\/p>\n<p>Os crimes s\u00e3o atribu\u00eddos a fac\u00e7\u00f5es criminosas que atuam no Cear\u00e1, como o Comando Vermelho (CV) e os Guardi\u00f5es do Estado (GDE), ap\u00f3s o an\u00fancio do secret\u00e1rio de Administra\u00e7\u00e3o Penitenci\u00e1ria, Lu\u00eds Mauro Albuquerque, do endurecimento de regras no sistema prisional do estado.<\/p>\n<p>Os ataques dessa madrugada ocorreram tamb\u00e9m poucas horas depois do Minist\u00e9rio da Justi\u00e7a e Seguran\u00e7a P\u00fablica ter anunciado o\u00a0envio de um efetivo extra\u00a0de agentes da For\u00e7a Nacional de Seguran\u00e7a para o estado, que v\u00e3o se somar aos 330 homens que j\u00e1 haviam chegado na regi\u00e3o no \u00faltimo s\u00e1bado (5).<\/p>\n<p>O governo da Bahia enviou, no fim de semana, um efetivo de 100 policiais militares do estado para o Cear\u00e1, para ajudar no enfrentamento da crise. Outros tr\u00eas estados tamb\u00e9m enviar\u00e3o agentes para refor\u00e7ar a seguran\u00e7a no territ\u00f3rio cearense.<\/p>\n<p>Segundo a Secretaria de Seguran\u00e7a P\u00fablica e Defesa Social (SSPDS) do Cear\u00e1, s\u00e3o 43 policiais militares e agentes de intelig\u00eancia do Piau\u00ed, de Pernambuco e Santa Catarina.<\/p>\n<p>Segundo o balan\u00e7o mais recente, pelo menos 148 pessoas foram presas suspeitas de envolvimento nos ataques. O clima na capital cearense \u00e9 de uma certa apreens\u00e3o e de grandes\u00a0dificuldades para popula\u00e7\u00e3o, especialmente no transporte p\u00fablico.<\/p>\n<p>Os \u00f4nibus da capital circularam nessa segunda-feira, durante o dia, com escolta policial, mas a frota disponibilizada foi 30% menor do que o normal, o que prejudicou a\u00a0chegada ao trabalho para milhares de pessoas.<\/p>\n<p>Al\u00e9m disso, a cidade sofre com problemas na coleta de lixo, que se acumula nas ruas e principais avenidas da capital. Com os ataques, as empresas que atuam na limpeza\u00a0tamb\u00e9m reduziram a circula\u00e7\u00e3o de caminh\u00f5es que recolhem os res\u00edduos na cidade.<\/p>\n<\/div>\n<p>&nbsp;<\/p>\n<p>EBC<\/p>\n","protected":false},"excerpt":{"rendered":"<p>\u00a0\u00a0\u00a0\u00a0\u00a0\u00a0\u00a0\u00a0\u00a0\u00a0\u00a0\u00a0\u00a0\u00a0\u00a0\u00a0\u00a0\u00a0\u00a0\u00a0\u00a0\u00a0\u00a0\u00a0\u00a0\u00a0\u00a0\u00a0\u00a0\u00a0\u00a0\u00a0\u00a0\u00a0\u00a0\u00a0\u00a0\u00a0\u00a0\u00a0\u00a0\u00a0\u00a0\u00a0\u00a0\u00a0\u00a0\u00a0 Pelo menos quatro \u00f4nibus foram incendiados durante a madrugada desta ter\u00e7a-feira (8) na regi\u00e3o metropolitana de Fortaleza. \u00c9 o sexto dia consecutivo da onda&hellip; <\/p>\n","protected":false},"author":1,"featured_media":80296,"comment_status":"closed","ping_status":"closed","sticky":false,"template":"","format":"standard","meta":{"sfsi_plus_gutenberg_text_before_share":"","sfsi_plus_gutenberg_show_text_before_share":"","sfsi_plus_gutenberg_icon_type":"","sfsi_plus_gutenberg_icon_alignemt":"","sfsi_plus_gutenburg_max_per_row":"","footnotes":""},"categories":[12],"tags":[],"class_list":["post-80294","post","type-post","status-publish","format-standard","has-post-thumbnail","hentry","category-policia"],"_links":{"self":[{"href":"https:\/\/www.caririemacao.com\/1\/wp-json\/wp\/v2\/posts\/80294","targetHints":{"allow":["GET"]}}],"collection":[{"href":"https:\/\/www.caririemacao.com\/1\/wp-json\/wp\/v2\/posts"}],"about":[{"href":"https:\/\/www.caririemacao.com\/1\/wp-json\/wp\/v2\/types\/post"}],"author":[{"embeddable":true,"href":"https:\/\/www.caririemacao.com\/1\/wp-json\/wp\/v2\/users\/1"}],"replies":[{"embeddable":true,"href":"https:\/\/www.caririemacao.com\/1\/wp-json\/wp\/v2\/comments?post=80294"}],"version-history":[{"count":1,"href":"https:\/\/www.caririemacao.com\/1\/wp-json\/wp\/v2\/posts\/80294\/revisions"}],"predecessor-version":[{"id":80297,"href":"https:\/\/www.caririemacao.com\/1\/wp-json\/wp\/v2\/posts\/80294\/revisions\/80297"}],"wp:featuredmedia":[{"embeddable":true,"href":"https:\/\/www.caririemacao.com\/1\/wp-json\/wp\/v2\/media\/80296"}],"wp:attachment":[{"href":"https:\/\/www.caririemacao.com\/1\/wp-json\/wp\/v2\/media?parent=80294"}],"wp:term":[{"taxonomy":"category","embeddable":true,"href":"https:\/\/www.caririemacao.com\/1\/wp-json\/wp\/v2\/categories?post=80294"},{"taxonomy":"post_tag","embeddable":true,"href":"https:\/\/www.caririemacao.com\/1\/wp-json\/wp\/v2\/tags?post=80294"}],"curies":[{"name":"wp","href":"https:\/\/api.w.org\/{rel}","templated":true}]}}