{"id":80299,"date":"2019-01-08T10:29:10","date_gmt":"2019-01-08T13:29:10","guid":{"rendered":"http:\/\/www.caririemacao.com\/1\/?p=80299"},"modified":"2019-01-08T10:29:10","modified_gmt":"2019-01-08T13:29:10","slug":"cabo-e-expulso-da-pm-por-torturar-e-tentar-matar-adolescentes","status":"publish","type":"post","link":"https:\/\/www.caririemacao.com\/1\/2019\/01\/08\/cabo-e-expulso-da-pm-por-torturar-e-tentar-matar-adolescentes\/","title":{"rendered":"Cabo \u00e9 expulso da PM por torturar e tentar matar adolescentes"},"content":{"rendered":"<p>Dois policiais militares foram afastados de suas atividades na corpora\u00e7\u00e3o por pr\u00e1ticas il\u00edcitas. Um deles foi expulso por tentar matar duas pessoas e o outro licenciado por envolvimento com o tr\u00e1fico de drogas. As decis\u00f5es foram divulgadas na edi\u00e7\u00e3o desta ter\u00e7a-feira (08) Di\u00e1rio Oficial do Estado, em portarias assinadas\u00a0pelo comandante geral, Euller Chaves. <a href=\"http:\/\/static.paraiba.pb.gov.br\/2019\/01\/Diario-Oficial-05-01-2019.pdf\">Confira documento na \u00edntegra<\/a>.<\/p>\n<p>De acordo com o documento, al\u00e9m da tentativa de homic\u00eddio contra duas pessoas, o cabo expulso apresentava \u2018fortes sintomas\u2019 de ingest\u00e3o de bebida alco\u00f3lica. Ele ainda chegou a ser abordado por outros policiais, reagiu com viol\u00eancia e foi conduzido \u00e0 Delegacia de Pol\u00edcia. O crime aconteceu em 2013.<\/p>\n<p>O policial foi indiciado por recusa de obedi\u00eancia, resist\u00eancia mediante amea\u00e7a e viol\u00eancia e desacato a superior.\u00a0Ele tamb\u00e9m responde pelo crime de tortura.<\/p>\n<p>Segundo a portaria, quando foi comandante em 2012 o policial apreendeu adolescentes que estariam realizando furtos e n\u00e3o os encaminhou para uma Delegacia. Ele levou os jovens para um matagal pr\u00f3ximo ao Vale Timb\u00f3, nos Banc\u00e1rios, onde praticou \u2018atos abusivos de viol\u00eancia\u2019 e abandonou as v\u00edtimas no local.<\/p>\n<p><strong>Soldado licenciado<\/strong><\/p>\n<p>Em rela\u00e7\u00e3o ao outro policial, que foi licenciado, o processo administrativo concluiu que ele est\u00e1 em \u2018profundo abismo e descompasso entre suas condutas e os ditames legais\u2019. A publica\u00e7\u00e3o explica que o soldado, nascido em Cajazeiras, tem envolvimento com o tr\u00e1fico de drogas e organiza\u00e7\u00e3o criminosa.<\/p>\n<p>Conforme a portaria, o policial agiu \u2018deliberadamente\u2019 com a finalidade de praticar o tr\u00e1fico na regi\u00e3o de Cajazeiras e demais cidades na Para\u00edba\u2019. O homem seria associado a uma quadrilha comandada por \u2018Marcos Aleijado\u2019, conhecido por ser traficante.<\/p>\n<p>\u201cO soldado era integrante participativo da organiza\u00e7\u00e3o criminosa, aproveitando-se, inclusive, da sua condi\u00e7\u00e3o de policial militar para passar informa\u00e7\u00f5es privilegiadas \u00e0 quadrilha sobre a pris\u00e3o de integrantes da mesma, bem como liberando ve\u00edculos apreendidos da mesma, e ainda, garantindo a seguran\u00e7a do chefe da organiza\u00e7\u00e3o criminosa\u201d, conta trecho da publica\u00e7\u00e3o.<\/p>\n<p>Os dois homens devem devolver as armas, objetos da corpora\u00e7\u00e3o, identidade militar e outros materiais que ainda estejam com eles.<\/p>\n<p><strong>MaisPB<\/strong><\/p>\n","protected":false},"excerpt":{"rendered":"<p>Dois policiais militares foram afastados de suas atividades na corpora\u00e7\u00e3o por pr\u00e1ticas il\u00edcitas. Um deles foi expulso por tentar matar duas pessoas e o outro&hellip; <\/p>\n","protected":false},"author":1,"featured_media":39138,"comment_status":"closed","ping_status":"closed","sticky":false,"template":"","format":"standard","meta":{"sfsi_plus_gutenberg_text_before_share":"","sfsi_plus_gutenberg_show_text_before_share":"","sfsi_plus_gutenberg_icon_type":"","sfsi_plus_gutenberg_icon_alignemt":"","sfsi_plus_gutenburg_max_per_row":"","footnotes":""},"categories":[2],"tags":[],"class_list":["post-80299","post","type-post","status-publish","format-standard","has-post-thumbnail","hentry","category-geral"],"_links":{"self":[{"href":"https:\/\/www.caririemacao.com\/1\/wp-json\/wp\/v2\/posts\/80299","targetHints":{"allow":["GET"]}}],"collection":[{"href":"https:\/\/www.caririemacao.com\/1\/wp-json\/wp\/v2\/posts"}],"about":[{"href":"https:\/\/www.caririemacao.com\/1\/wp-json\/wp\/v2\/types\/post"}],"author":[{"embeddable":true,"href":"https:\/\/www.caririemacao.com\/1\/wp-json\/wp\/v2\/users\/1"}],"replies":[{"embeddable":true,"href":"https:\/\/www.caririemacao.com\/1\/wp-json\/wp\/v2\/comments?post=80299"}],"version-history":[{"count":1,"href":"https:\/\/www.caririemacao.com\/1\/wp-json\/wp\/v2\/posts\/80299\/revisions"}],"predecessor-version":[{"id":80301,"href":"https:\/\/www.caririemacao.com\/1\/wp-json\/wp\/v2\/posts\/80299\/revisions\/80301"}],"wp:featuredmedia":[{"embeddable":true,"href":"https:\/\/www.caririemacao.com\/1\/wp-json\/wp\/v2\/media\/39138"}],"wp:attachment":[{"href":"https:\/\/www.caririemacao.com\/1\/wp-json\/wp\/v2\/media?parent=80299"}],"wp:term":[{"taxonomy":"category","embeddable":true,"href":"https:\/\/www.caririemacao.com\/1\/wp-json\/wp\/v2\/categories?post=80299"},{"taxonomy":"post_tag","embeddable":true,"href":"https:\/\/www.caririemacao.com\/1\/wp-json\/wp\/v2\/tags?post=80299"}],"curies":[{"name":"wp","href":"https:\/\/api.w.org\/{rel}","templated":true}]}}