{"id":80307,"date":"2019-01-08T10:35:08","date_gmt":"2019-01-08T13:35:08","guid":{"rendered":"http:\/\/www.caririemacao.com\/1\/?p=80307"},"modified":"2019-01-08T10:37:10","modified_gmt":"2019-01-08T13:37:10","slug":"governador-nomeia-novo-diretor-do-ipc-e-designa-servidores-para-cargos-em-comissao-no-estado","status":"publish","type":"post","link":"https:\/\/www.caririemacao.com\/1\/2019\/01\/08\/governador-nomeia-novo-diretor-do-ipc-e-designa-servidores-para-cargos-em-comissao-no-estado\/","title":{"rendered":"Governador nomeia novo diretor do IPC e designa servidores para cargos em comiss\u00e3o no Estado"},"content":{"rendered":"<p>A edi\u00e7\u00e3o do dia 5 de janeiro de 2019, que foi divulgada nesta ter\u00e7a-feira (08), trouxe a nomea\u00e7\u00e3o do novo diretor do Instituto de Pol\u00edcia Cient\u00edfica da Para\u00edba (IPC). O governador Jo\u00e3o Azev\u00eado designou Marcelo Lopes Burity, chefe do n\u00facleo de Pol\u00edcia Cient\u00edfica, para responder cumulativamente pelo cargo em comiss\u00e3o de Diretor do IPC.<\/p>\n<p>Fabio de Almeida Gomes, que atuava como diretor do IPC desde abril de 2018, foi exonerado do cargo na mesma edi\u00e7\u00e3o do Di\u00e1rio Oficial.<\/p>\n<p><a href=\"http:\/\/static.paraiba.pb.gov.br\/2019\/01\/Diario-Oficial-05-01-2019.pdf\" target=\"true\">Confira a edi\u00e7\u00e3o de hoje<\/a><\/p>\n<p>A mesma para edi\u00e7\u00e3o do Di\u00e1rio Oficial do Estado trouxe outras nomea\u00e7\u00f5es para cargos em comiss\u00e3o. A primeira edi\u00e7\u00e3o do ano de 2019 do Di\u00e1rio exonerou todos os servidores de cargos em comiss\u00e3o que estavam na administra\u00e7\u00e3o estadual.<\/p>\n<p>Foram designados servidores para cargos em comiss\u00e3o em v\u00e1rias Secretarias de Estado, como a Secretaria de Cultura, Educa\u00e7\u00e3o, Ci\u00eancia e Tecnologia, Turismo e Desenvolvimento Econ\u00f4mico. Tamb\u00e9m foram designados servidores para a Empresa Paraibana de Comunica\u00e7\u00e3o e para o\u00a0Instituto do Patrim\u00f4nio Hist\u00f3rico e Art\u00edstico do Estado da Para\u00edba (IPHAEP).<\/p>\n","protected":false},"excerpt":{"rendered":"<p>A edi\u00e7\u00e3o do dia 5 de janeiro de 2019, que foi divulgada nesta ter\u00e7a-feira (08), trouxe a nomea\u00e7\u00e3o do novo diretor do Instituto de Pol\u00edcia&hellip; <\/p>\n","protected":false},"author":1,"featured_media":80309,"comment_status":"closed","ping_status":"closed","sticky":false,"template":"","format":"standard","meta":{"sfsi_plus_gutenberg_text_before_share":"","sfsi_plus_gutenberg_show_text_before_share":"","sfsi_plus_gutenberg_icon_type":"","sfsi_plus_gutenberg_icon_alignemt":"","sfsi_plus_gutenburg_max_per_row":"","footnotes":""},"categories":[11],"tags":[],"class_list":["post-80307","post","type-post","status-publish","format-standard","has-post-thumbnail","hentry","category-politica"],"_links":{"self":[{"href":"https:\/\/www.caririemacao.com\/1\/wp-json\/wp\/v2\/posts\/80307","targetHints":{"allow":["GET"]}}],"collection":[{"href":"https:\/\/www.caririemacao.com\/1\/wp-json\/wp\/v2\/posts"}],"about":[{"href":"https:\/\/www.caririemacao.com\/1\/wp-json\/wp\/v2\/types\/post"}],"author":[{"embeddable":true,"href":"https:\/\/www.caririemacao.com\/1\/wp-json\/wp\/v2\/users\/1"}],"replies":[{"embeddable":true,"href":"https:\/\/www.caririemacao.com\/1\/wp-json\/wp\/v2\/comments?post=80307"}],"version-history":[{"count":1,"href":"https:\/\/www.caririemacao.com\/1\/wp-json\/wp\/v2\/posts\/80307\/revisions"}],"predecessor-version":[{"id":80310,"href":"https:\/\/www.caririemacao.com\/1\/wp-json\/wp\/v2\/posts\/80307\/revisions\/80310"}],"wp:featuredmedia":[{"embeddable":true,"href":"https:\/\/www.caririemacao.com\/1\/wp-json\/wp\/v2\/media\/80309"}],"wp:attachment":[{"href":"https:\/\/www.caririemacao.com\/1\/wp-json\/wp\/v2\/media?parent=80307"}],"wp:term":[{"taxonomy":"category","embeddable":true,"href":"https:\/\/www.caririemacao.com\/1\/wp-json\/wp\/v2\/categories?post=80307"},{"taxonomy":"post_tag","embeddable":true,"href":"https:\/\/www.caririemacao.com\/1\/wp-json\/wp\/v2\/tags?post=80307"}],"curies":[{"name":"wp","href":"https:\/\/api.w.org\/{rel}","templated":true}]}}