{"id":80326,"date":"2019-01-08T11:16:14","date_gmt":"2019-01-08T14:16:14","guid":{"rendered":"http:\/\/www.caririemacao.com\/1\/?p=80326"},"modified":"2019-01-08T11:16:14","modified_gmt":"2019-01-08T14:16:14","slug":"campinense-vence-o-central-de-caruaru-no-ultimo-teste-da-pre-temporada","status":"publish","type":"post","link":"https:\/\/www.caririemacao.com\/1\/2019\/01\/08\/campinense-vence-o-central-de-caruaru-no-ultimo-teste-da-pre-temporada\/","title":{"rendered":"Campinense vence o Central de Caruaru no \u00faltimo teste da pr\u00e9-temporada"},"content":{"rendered":"<p>O Campinense venceu o Central por 2 a 0 neste domingo (06), no Amig\u00e3o, no seu \u00faltimo amistoso antes do in\u00edcio do Campeonato Paraibano de 2019.<\/p>\n<p>Lopeu e Warlei, um em cada tempo, anotaram os gols rubro-negros.<\/p>\n<div class=\"td-a-rec td-a-rec-id-content_inline  \"><span class=\"td-adspot-title\">A partida deixou a desejar no aspecto t\u00e9cnico, principalmente na etapa inicial, com as duas equipes errando muitos passes.<\/span><\/div>\n<div class=\"content\">\n<p>Mas a Raposa acabou tendo mais posse de bola e criou diversas chances de gol.<\/p>\n<p>O pr\u00f3ximo desafio do Campinense j\u00e1 \u00e9 valendo tr\u00eas pontos. No pr\u00f3ximo domingo a equipe encara o Sousa, no Sert\u00e3o, pela abertura do Paraibano 2019.<\/p>\n<p>J\u00e1 o Central estreia no Pernambucano dia 19, contra o N\u00e1utico, em Caruaru.<\/p>\n<p><strong>Ficha t\u00e9cnica<\/strong><\/p>\n<p>Amistoso<\/p>\n<p>Campinense 2 x 0 Central<\/p>\n<p>Data: 06\/01\/2019 \u2013 16h<br \/>\nLocal: Est\u00e1dio Amig\u00e3o \/ Campina Grande<br \/>\nArbitragem: Laurismar Alves; Germano Cabral e Misael Costa<\/p>\n<p>Cart\u00f5es amarelos: Xand\u00e3o<\/p>\n<p>Gols: Lopeu (aos 43\u2019 do 1\u00baT) e Warlei (aos 32\u2019 do 2\u00baT) para o Campinense.<\/p>\n<p>Campinense: Wagner Coradin, Neilson, Henrique Mattos, Richardson e James; Cleber, Ded\u00e9 e Jo\u00e3o Paulo; D\u00eanis (Warlei), Afonso J\u00fanior e Lopeu. T\u00e9cnico: Francisco Di\u00e1.<\/p>\n<p>Central: Tom, Dudu Gago, Xand\u00e3o, Diego Bispo e Daniel; Edson Magal, Fernando Pires, George e Murilo; Leandro Costa e Giovani Rosa. T\u00e9cnico: Estevan Soares.<\/p>\n<\/div>\n","protected":false},"excerpt":{"rendered":"<p>O Campinense venceu o Central por 2 a 0 neste domingo (06), no Amig\u00e3o, no seu \u00faltimo amistoso antes do in\u00edcio do Campeonato Paraibano de&hellip; <\/p>\n","protected":false},"author":1,"featured_media":80327,"comment_status":"closed","ping_status":"closed","sticky":false,"template":"","format":"standard","meta":{"sfsi_plus_gutenberg_text_before_share":"","sfsi_plus_gutenberg_show_text_before_share":"","sfsi_plus_gutenberg_icon_type":"","sfsi_plus_gutenberg_icon_alignemt":"","sfsi_plus_gutenburg_max_per_row":"","footnotes":""},"categories":[13],"tags":[],"class_list":["post-80326","post","type-post","status-publish","format-standard","has-post-thumbnail","hentry","category-esportes"],"_links":{"self":[{"href":"https:\/\/www.caririemacao.com\/1\/wp-json\/wp\/v2\/posts\/80326","targetHints":{"allow":["GET"]}}],"collection":[{"href":"https:\/\/www.caririemacao.com\/1\/wp-json\/wp\/v2\/posts"}],"about":[{"href":"https:\/\/www.caririemacao.com\/1\/wp-json\/wp\/v2\/types\/post"}],"author":[{"embeddable":true,"href":"https:\/\/www.caririemacao.com\/1\/wp-json\/wp\/v2\/users\/1"}],"replies":[{"embeddable":true,"href":"https:\/\/www.caririemacao.com\/1\/wp-json\/wp\/v2\/comments?post=80326"}],"version-history":[{"count":1,"href":"https:\/\/www.caririemacao.com\/1\/wp-json\/wp\/v2\/posts\/80326\/revisions"}],"predecessor-version":[{"id":80328,"href":"https:\/\/www.caririemacao.com\/1\/wp-json\/wp\/v2\/posts\/80326\/revisions\/80328"}],"wp:featuredmedia":[{"embeddable":true,"href":"https:\/\/www.caririemacao.com\/1\/wp-json\/wp\/v2\/media\/80327"}],"wp:attachment":[{"href":"https:\/\/www.caririemacao.com\/1\/wp-json\/wp\/v2\/media?parent=80326"}],"wp:term":[{"taxonomy":"category","embeddable":true,"href":"https:\/\/www.caririemacao.com\/1\/wp-json\/wp\/v2\/categories?post=80326"},{"taxonomy":"post_tag","embeddable":true,"href":"https:\/\/www.caririemacao.com\/1\/wp-json\/wp\/v2\/tags?post=80326"}],"curies":[{"name":"wp","href":"https:\/\/api.w.org\/{rel}","templated":true}]}}