{"id":80329,"date":"2019-01-08T11:24:34","date_gmt":"2019-01-08T14:24:34","guid":{"rendered":"http:\/\/www.caririemacao.com\/1\/?p=80329"},"modified":"2019-01-08T11:24:34","modified_gmt":"2019-01-08T14:24:34","slug":"suspeito-de-roubar-e-matar-professor-de-teatro-em-jp-e-preso","status":"publish","type":"post","link":"https:\/\/www.caririemacao.com\/1\/2019\/01\/08\/suspeito-de-roubar-e-matar-professor-de-teatro-em-jp-e-preso\/","title":{"rendered":"Suspeito de roubar e matar professor de teatro em JP \u00e9 preso"},"content":{"rendered":"<p>Na manh\u00e3 desta ter\u00e7a-feira (08) a\u00a0Pol\u00edcia Militar prendeu na manh\u00e3 desta ter\u00e7a-feira (08), o suspeito do latroc\u00ednio\u00a0do ator e professor de teatro Sim\u00e3o de Almeida Cunha, ocorrido na madruga do \u00faltimo domingo (06), no Centro Hist\u00f3rico de Jo\u00e3o Pessoa.<\/p>\n<div class=\"green-area t-left t-cont text-center\">\n<div class=\"anuncio\">\n<div id=\"div-gpt-ad-1493386374551-0\" data-google-query-id=\"CMHshbWw3t8CFRFqwQodxDkBWQ\">\n<div id=\"google_ads_iframe_\/21685702823\/New_Sec_Conteudo_0__container__\">O homem \u00e9 morador de rua, j\u00e1 tem passagem pela pol\u00edcia e foi preso\u00a0por equipes do 1\u00b0 Batalh\u00e3o, tamb\u00e9m no Centro da cidade.<\/div>\n<\/div>\n<\/div>\n<\/div>\n<p>Ele foi encaminhado para a\u00a0Delegacia de Homic\u00eddios da Capital, no Geisel.<\/p>\n<p><strong><em>PB Agora<\/em><\/strong><\/p>\n","protected":false},"excerpt":{"rendered":"<p>Na manh\u00e3 desta ter\u00e7a-feira (08) a\u00a0Pol\u00edcia Militar prendeu na manh\u00e3 desta ter\u00e7a-feira (08), o suspeito do latroc\u00ednio\u00a0do ator e professor de teatro Sim\u00e3o de Almeida&hellip; <\/p>\n","protected":false},"author":1,"featured_media":80330,"comment_status":"closed","ping_status":"closed","sticky":false,"template":"","format":"standard","meta":{"sfsi_plus_gutenberg_text_before_share":"","sfsi_plus_gutenberg_show_text_before_share":"","sfsi_plus_gutenberg_icon_type":"","sfsi_plus_gutenberg_icon_alignemt":"","sfsi_plus_gutenburg_max_per_row":"","footnotes":""},"categories":[12],"tags":[],"class_list":["post-80329","post","type-post","status-publish","format-standard","has-post-thumbnail","hentry","category-policia"],"_links":{"self":[{"href":"https:\/\/www.caririemacao.com\/1\/wp-json\/wp\/v2\/posts\/80329","targetHints":{"allow":["GET"]}}],"collection":[{"href":"https:\/\/www.caririemacao.com\/1\/wp-json\/wp\/v2\/posts"}],"about":[{"href":"https:\/\/www.caririemacao.com\/1\/wp-json\/wp\/v2\/types\/post"}],"author":[{"embeddable":true,"href":"https:\/\/www.caririemacao.com\/1\/wp-json\/wp\/v2\/users\/1"}],"replies":[{"embeddable":true,"href":"https:\/\/www.caririemacao.com\/1\/wp-json\/wp\/v2\/comments?post=80329"}],"version-history":[{"count":1,"href":"https:\/\/www.caririemacao.com\/1\/wp-json\/wp\/v2\/posts\/80329\/revisions"}],"predecessor-version":[{"id":80331,"href":"https:\/\/www.caririemacao.com\/1\/wp-json\/wp\/v2\/posts\/80329\/revisions\/80331"}],"wp:featuredmedia":[{"embeddable":true,"href":"https:\/\/www.caririemacao.com\/1\/wp-json\/wp\/v2\/media\/80330"}],"wp:attachment":[{"href":"https:\/\/www.caririemacao.com\/1\/wp-json\/wp\/v2\/media?parent=80329"}],"wp:term":[{"taxonomy":"category","embeddable":true,"href":"https:\/\/www.caririemacao.com\/1\/wp-json\/wp\/v2\/categories?post=80329"},{"taxonomy":"post_tag","embeddable":true,"href":"https:\/\/www.caririemacao.com\/1\/wp-json\/wp\/v2\/tags?post=80329"}],"curies":[{"name":"wp","href":"https:\/\/api.w.org\/{rel}","templated":true}]}}