{"id":80333,"date":"2019-01-08T11:37:27","date_gmt":"2019-01-08T14:37:27","guid":{"rendered":"http:\/\/www.caririemacao.com\/1\/?p=80333"},"modified":"2019-01-08T11:37:27","modified_gmt":"2019-01-08T14:37:27","slug":"festa-do-padroeiro-de-sao-sebastiao-do-umbuzeiro-comeca-nesta-quinta-feira","status":"publish","type":"post","link":"https:\/\/www.caririemacao.com\/1\/2019\/01\/08\/festa-do-padroeiro-de-sao-sebastiao-do-umbuzeiro-comeca-nesta-quinta-feira\/","title":{"rendered":"Festa do Padroeiro de S\u00e3o Sebasti\u00e3o do Umbuzeiro come\u00e7a nesta quinta-feira"},"content":{"rendered":"<p><img decoding=\"async\" class=\"cycle-slide lazyload\" data-src=\"http:\/\/caririligado.com.br\/wp-content\/themes\/cariri-ligado\/timthumb.php?src=http:\/\/caririligado.com.br\/wp-content\/uploads\/2019\/01\/001-10.jpg&amp;w=547&amp;h=398&amp;zc=1\" alt=\"Festa do Padroeiro de S\u00e3o Sebasti\u00e3o do Umbuzeiro come\u00e7a nesta quinta-feira\" width=\"547\" src=\"data:image\/svg+xml;base64,PHN2ZyB3aWR0aD0iMSIgaGVpZ2h0PSIxIiB4bWxucz0iaHR0cDovL3d3dy53My5vcmcvMjAwMC9zdmciPjwvc3ZnPg==\" \/><\/p>\n<p>Come\u00e7a nesta quinta-feira, dia 10, a tradicional Festa do Padroeiro S\u00e3o Sebasti\u00e3o, no munic\u00edpio de S\u00e3o Sebasti\u00e3o do Umbuzeiro, no Cariri paraibano. S\u00e3o 10 dias de festa, com uma vasta programa\u00e7\u00e3o, encerrando-se no dia 20 de janeiro, com a grande prociss\u00e3o com a imagem de S\u00e3o Sebasti\u00e3o.<\/p>\n<p>O prefeito do munic\u00edpio, Adriano Wolff, falou da expectativa para o in\u00edcio da festa, que atrai turistas de toda Para\u00edba, e estados vizinhos, gerando emprego e renda para os mun\u00edcipes de S\u00e3o Sebasti\u00e3o do Umbuzeiro.<\/p>\n<p>\u201cToda popula\u00e7\u00e3o do munic\u00edpio e turistas de diversos lugares que vem para nosso munic\u00edpio prestigiar a festa de janeiro est\u00e3o ansiosos para o in\u00edcio das festividades da maior Festa de Padroeiro do Brasil. Essa grande festa que movimenta a economia do nosso munic\u00edpio, gerando emprego e renda para os mun\u00edcipes\u201d, disse o prefeito.<\/p>\n<p>O prefeito Adriano Wolff, afirmou ainda que a Festa de S\u00e3o Sebasti\u00e3o \u00e9 um evento realizado dentro das possibilidades atuais e do momento financeiro que o pa\u00eds vive, mas que continua mantendo a tradi\u00e7\u00e3o de ser o momento mais aguardado pela comunidade umbuzeirense, tanto a comunidade cat\u00f3lica, quanto a popula\u00e7\u00e3o local.<\/p>\n<p>\u201cEstamos realizando uma grande festa dentro das possibilidades atuais, tendo em vista que o Pa\u00eds vive um momento de crise que tem afetado muitos os pequenos munic\u00edpios. Mais estamos mantendo a tradi\u00e7\u00e3o de maior evento de Padroeiro, e convido toda popula\u00e7\u00e3o e cidades vizinhas para participar de mais uma Festa do Padroeiro S\u00e3o Sebasti\u00e3o\u201d, finalizou o gestor.<\/p>\n<p><strong>A programa\u00e7\u00e3o completa de atra\u00e7\u00f5es musicais ser\u00e1 a seguinte:<\/strong><\/p>\n<p>\u2013 Dia 11- Noiteiros: Pap\u00e1, Ir\u00eanio e fam\u00edlia. Noite do ter\u00e7o dos Homens; Laerte Lins e Banda Pegada Segura.<\/p>\n<p>\u2013 Dia 12- Noiteiros: Milton Neves e Fl\u00e1via. Noite dedicada ao Coral Alegria e Pastoral da Crian\u00e7a; Claudenir Fernandes, Vitinho do Acordeon, Banda Amor Falso e Davi Louren\u00e7o.<\/p>\n<p>\u2013 Dia 13- Noiteiros: Fam\u00edlia Zeferino Neves Organiza\u00e7\u00e3o Chico Neves e fam\u00edlia. Noite dedicada ao Apostolado da Ora\u00e7\u00e3o; Banda Dimeliora e Forr\u00f3 das Amigas.<\/p>\n<p>\u2013 Dia 14- Noiteiros: Telinha e fam\u00edlia. Noite dedicada aos esportistas e motoristas; Banda Som Livre.com e Ivo Moura e o incompar\u00e1vel Bigode de Caruaru.<\/p>\n<p>\u2013 Dia 15- Noiteiros: Fam\u00edlia Feitosa. Noite dedicada ao Grupo da Melhor Idade; Guilherme do Forr\u00f3 Topado e mais uma atra\u00e7\u00e3o a definir.<\/p>\n<p>\u2013 Dia 16- Noiteiros: Chico de Mariano, Z\u00e9 Borrego e fam\u00edlia. Noite dedicada aos vaqueiros; Lulinha Vaqueiro e Farra da Galega.<\/p>\n<p>\u2013 Dia 17- Noiteiros: Fam\u00edlia Costa. Noite dedicada aos casais; Laerte Lins, Nanara Bello e Banda Santa Dose.<\/p>\n<p>\u2013 Dia 18- Noiteiros: Anailton e fam\u00edlia; Z\u00e9 Paulo e fam\u00edlia. Noite dedicada \u00e0 M\u00e3e Rainha; Suelen Fernandes, Forr\u00f3 Top e Farra 1000.<\/p>\n<p>\u2013 Dia 19- Noite dedicada ao funcionalismo p\u00fablico. Realiza\u00e7\u00e3o da Prefeitura municipal \u2013 Ot\u00e1vio do Acordeon, Gil Mendes e Ciel Rodrigues (no palco alternativo: Equipe Marcos Som e luz Dance).<\/p>\n<p>\u2013 Dia 20- Noite dedicada \u00e0 toda a comunidade umbuzeirense. Realiza\u00e7\u00e3o da comiss\u00e3o organizadora da festa; Ronaldo Rossi, o Cover de Reginaldo Rossi e Claudenir Fernandes em ritmo de seresta.<\/p>\n<p>A Festa tem a realiza\u00e7\u00e3o da Prefeitura Municipal, Par\u00f3quia de S\u00e3o Sebasti\u00e3o, Comiss\u00e3o Organizadora da Festa e Noiteiros.<\/p>\n","protected":false},"excerpt":{"rendered":"<p>Come\u00e7a nesta quinta-feira, dia 10, a tradicional Festa do Padroeiro S\u00e3o Sebasti\u00e3o, no munic\u00edpio de S\u00e3o Sebasti\u00e3o do Umbuzeiro, no Cariri paraibano. S\u00e3o 10 dias&hellip; <\/p>\n","protected":false},"author":1,"featured_media":80334,"comment_status":"closed","ping_status":"closed","sticky":false,"template":"","format":"standard","meta":{"sfsi_plus_gutenberg_text_before_share":"","sfsi_plus_gutenberg_show_text_before_share":"","sfsi_plus_gutenberg_icon_type":"","sfsi_plus_gutenberg_icon_alignemt":"","sfsi_plus_gutenburg_max_per_row":"","footnotes":""},"categories":[6],"tags":[],"class_list":["post-80333","post","type-post","status-publish","format-standard","has-post-thumbnail","hentry","category-cidades"],"_links":{"self":[{"href":"https:\/\/www.caririemacao.com\/1\/wp-json\/wp\/v2\/posts\/80333","targetHints":{"allow":["GET"]}}],"collection":[{"href":"https:\/\/www.caririemacao.com\/1\/wp-json\/wp\/v2\/posts"}],"about":[{"href":"https:\/\/www.caririemacao.com\/1\/wp-json\/wp\/v2\/types\/post"}],"author":[{"embeddable":true,"href":"https:\/\/www.caririemacao.com\/1\/wp-json\/wp\/v2\/users\/1"}],"replies":[{"embeddable":true,"href":"https:\/\/www.caririemacao.com\/1\/wp-json\/wp\/v2\/comments?post=80333"}],"version-history":[{"count":1,"href":"https:\/\/www.caririemacao.com\/1\/wp-json\/wp\/v2\/posts\/80333\/revisions"}],"predecessor-version":[{"id":80335,"href":"https:\/\/www.caririemacao.com\/1\/wp-json\/wp\/v2\/posts\/80333\/revisions\/80335"}],"wp:featuredmedia":[{"embeddable":true,"href":"https:\/\/www.caririemacao.com\/1\/wp-json\/wp\/v2\/media\/80334"}],"wp:attachment":[{"href":"https:\/\/www.caririemacao.com\/1\/wp-json\/wp\/v2\/media?parent=80333"}],"wp:term":[{"taxonomy":"category","embeddable":true,"href":"https:\/\/www.caririemacao.com\/1\/wp-json\/wp\/v2\/categories?post=80333"},{"taxonomy":"post_tag","embeddable":true,"href":"https:\/\/www.caririemacao.com\/1\/wp-json\/wp\/v2\/tags?post=80333"}],"curies":[{"name":"wp","href":"https:\/\/api.w.org\/{rel}","templated":true}]}}