{"id":80336,"date":"2019-01-08T11:43:40","date_gmt":"2019-01-08T14:43:40","guid":{"rendered":"http:\/\/www.caririemacao.com\/1\/?p=80336"},"modified":"2019-01-08T11:43:40","modified_gmt":"2019-01-08T14:43:40","slug":"policial-militar-tem-moto-furtada-em-frente-a-sua-casa-no-cariri","status":"publish","type":"post","link":"https:\/\/www.caririemacao.com\/1\/2019\/01\/08\/policial-militar-tem-moto-furtada-em-frente-a-sua-casa-no-cariri\/","title":{"rendered":"Policial Militar tem moto furtada em frente a sua casa no Cariri"},"content":{"rendered":"<p>Um policial militar que reside em Tapero\u00e1, no Cariri Paraibano, foi furtado em frente a sua resid\u00eancia e em plena luz do dia.<\/p>\n<p>O sargento Xavier, que atua no munic\u00edpio de Livramento, deixou sua moto um r\u00e1pido instante enquanto entrou em casa e ao voltar percebeu que sua motocicleta havia sido subtra\u00edda.<\/p>\n<p>A casa do policial est\u00e1 localizada no centro de Tapero\u00e1 e a pol\u00edcia faz dilig\u00eancias no sentido de localizar a moto.<\/p>\n<p>N\u00e3o h\u00e1 suspeitas de quem tenha cometido o furto.<\/p>\n","protected":false},"excerpt":{"rendered":"<p>Um policial militar que reside em Tapero\u00e1, no Cariri Paraibano, foi furtado em frente a sua resid\u00eancia e em plena luz do dia. O sargento&hellip; <\/p>\n","protected":false},"author":1,"featured_media":80347,"comment_status":"closed","ping_status":"closed","sticky":false,"template":"","format":"standard","meta":{"sfsi_plus_gutenberg_text_before_share":"","sfsi_plus_gutenberg_show_text_before_share":"","sfsi_plus_gutenberg_icon_type":"","sfsi_plus_gutenberg_icon_alignemt":"","sfsi_plus_gutenburg_max_per_row":"","footnotes":""},"categories":[50,12],"tags":[],"class_list":["post-80336","post","type-post","status-publish","format-standard","has-post-thumbnail","hentry","category-destaque","category-policia"],"_links":{"self":[{"href":"https:\/\/www.caririemacao.com\/1\/wp-json\/wp\/v2\/posts\/80336","targetHints":{"allow":["GET"]}}],"collection":[{"href":"https:\/\/www.caririemacao.com\/1\/wp-json\/wp\/v2\/posts"}],"about":[{"href":"https:\/\/www.caririemacao.com\/1\/wp-json\/wp\/v2\/types\/post"}],"author":[{"embeddable":true,"href":"https:\/\/www.caririemacao.com\/1\/wp-json\/wp\/v2\/users\/1"}],"replies":[{"embeddable":true,"href":"https:\/\/www.caririemacao.com\/1\/wp-json\/wp\/v2\/comments?post=80336"}],"version-history":[{"count":1,"href":"https:\/\/www.caririemacao.com\/1\/wp-json\/wp\/v2\/posts\/80336\/revisions"}],"predecessor-version":[{"id":80348,"href":"https:\/\/www.caririemacao.com\/1\/wp-json\/wp\/v2\/posts\/80336\/revisions\/80348"}],"wp:featuredmedia":[{"embeddable":true,"href":"https:\/\/www.caririemacao.com\/1\/wp-json\/wp\/v2\/media\/80347"}],"wp:attachment":[{"href":"https:\/\/www.caririemacao.com\/1\/wp-json\/wp\/v2\/media?parent=80336"}],"wp:term":[{"taxonomy":"category","embeddable":true,"href":"https:\/\/www.caririemacao.com\/1\/wp-json\/wp\/v2\/categories?post=80336"},{"taxonomy":"post_tag","embeddable":true,"href":"https:\/\/www.caririemacao.com\/1\/wp-json\/wp\/v2\/tags?post=80336"}],"curies":[{"name":"wp","href":"https:\/\/api.w.org\/{rel}","templated":true}]}}